{"id":9181,"date":"2019-05-28T10:22:54","date_gmt":"2019-05-28T08:22:54","guid":{"rendered":"http:\/\/www.edicionesalfar.es\/web-wordpress\/?p=9181"},"modified":"2021-10-20T00:45:16","modified_gmt":"2021-10-19T22:45:16","slug":"presentacion-de-insomnio-de-victoria-bernardo-garcia","status":"publish","type":"post","link":"https:\/\/edicionesalfar.es\/es\/2019\/05\/28\/presentacion-de-insomnio-de-victoria-bernardo-garcia\/","title":{"rendered":"PRESENTACI\u00d3N DE \u00abINSOMNIO\u00bb DE VICTORIA BERNARDO GARC\u00cdA"},"content":{"rendered":"<p>[et_pb_section fb_built=\u00bb1&#8243; fullwidth=\u00bbon\u00bb _builder_version=\u00bb3.22.7&#8243; background_color=\u00bb#a6c0ca\u00bb global_colors_info=\u00bb{}\u00bb][et_pb_fullwidth_header title=\u00bbPRESENTACI\u00d3N DE %22INSOMNIO%22 DE VICTORIA BERNARDO GARC\u00cdA\u00bb admin_label=\u00bbT\u00edtulo de la entrada\u00bb _builder_version=\u00bb3.22.7&#8243; background_color=\u00bbrgba(46,163,242,0)\u00bb custom_margin=\u00bb-61px|||||\u00bb custom_padding=\u00bb9px||5px|||\u00bb global_colors_info=\u00bb{}\u00bb][\/et_pb_fullwidth_header][\/et_pb_section][et_pb_section fb_built=\u00bb1&#8243; admin_label=\u00bbsection\u00bb _builder_version=\u00bb3.22.3&#8243; custom_margin=\u00bb6px|||||\u00bb global_colors_info=\u00bb{}\u00bb][et_pb_row _builder_version=\u00bb3.25&#8243; global_colors_info=\u00bb{}\u00bb column_structure=\u00bb2_3,1_3&#8243;][et_pb_column type=\u00bb2_3&#8243; _builder_version=\u00bb3.25&#8243; custom_padding=\u00bb|||\u00bb global_colors_info=\u00bb{}\u00bb custom_padding__hover=\u00bb|||\u00bb][et_pb_text admin_label=\u00bbContenido entrada\u00bb _builder_version=\u00bb3.27.4&#8243; custom_padding=\u00bb|25px||||\u00bb global_colors_info=\u00bb{}\u00bb]<\/p>\n<p>El pr\u00f3ximo jueves 26 de octubre presentamos la obra Insomnio de Victoria Bernardo Garc\u00eda, obra ganadora IV Concurso Narrativa Manuel D\u00edaz Vargas.<\/p>\n<p>El acto se celebrar\u00e1 en Fundaci\u00f3n Cruzcampo (Avda. Andaluc\u00eda, Sevilla) a las 20 horas.<\/p>\n<p>Contaremos con las palabras del periodista \u00c1lvaro Romero Bernal y con la intervenci\u00f3n de Fernando Garc\u00eda Calder\u00f3n (escritor) y \u00c1ngel Acosta Romero (profesor de la Universidad de Sevilla), miembros del jurado:<\/p>\n<p>\u00a1Os esperamos!, puede ser una buena oportunidad para conocer a esta joven escritora, para compartir y recordar a nuestro amigo Manuel D\u00edaz Vargas, conocer nuestro concurso de Narrativa que lleva su nombre, en definitiva, seguir fomentando lo que llevamos haciendo desde 1982, CULTURA CON RA\u00cdCES, CULTURA SIN FRONTERAS.<\/p>\n<p>[\/et_pb_text][\/et_pb_column][et_pb_column type=\u00bb1_3&#8243; _builder_version=\u00bb3.25&#8243; custom_padding=\u00bb|||\u00bb global_colors_info=\u00bb{}\u00bb custom_padding__hover=\u00bb|||\u00bb][et_pb_image src=\u00bbhttp:\/\/www.edicionesalfar.es\/web-wordpress\/wp-content\/uploads\/2019\/05\/insmnio.jpg\u00bb align_tablet=\u00bbcenter\u00bb align_last_edited=\u00bbon|desktop\u00bb admin_label=\u00bbImagen de la entrada\u00bb _builder_version=\u00bb3.23&#8243; custom_margin=\u00bb|-6px||||\u00bb custom_padding=\u00bb|0px||15px||\u00bb global_colors_info=\u00bb{}\u00bb][\/et_pb_image][\/et_pb_column][\/et_pb_row][\/et_pb_section]<\/p>\n","protected":false},"excerpt":{"rendered":"<p>El pr\u00f3ximo jueves 26 de octubre presentamos la obra Insomnio de Victoria Bernardo Garc\u00eda, obra ganadora IV Concurso Narrativa Manuel D\u00edaz Vargas. El acto se celebrar\u00e1 en Fundaci\u00f3n Cruzcampo (Avda. Andaluc\u00eda, Sevilla) a las 20 horas. Contaremos con las palabras del periodista \u00c1lvaro Romero Bernal y con la intervenci\u00f3n de Fernando Garc\u00eda Calder\u00f3n (escritor) y [&hellip;]<\/p>\n","protected":false},"author":1,"featured_media":9183,"comment_status":"closed","ping_status":"open","sticky":false,"template":"","format":"standard","meta":{"_acf_changed":false,"_et_pb_use_builder":"on","_et_pb_old_content":"<p style=\"text-align: justify;\">El pr\u00f3ximo jueves 26 de octubre presentamos la obra Insomnio de Victoria Bernardo Garc\u00eda, obra ganadora IV Concurso Narrativa Manuel D\u00edaz Vargas.<\/p><p style=\"text-align: justify;\">El acto se celebrar\u00e1 en Fundaci\u00f3n Cruzcampo (Avda. Andaluc\u00eda, Sevilla) a las 20 horas.<\/p><p style=\"text-align: justify;\">Contaremos con las palabras del periodista \u00c1lvaro Romero Bernal y con la intervenci\u00f3n de Fernando Garc\u00eda Calder\u00f3n (escritor) y \u00c1ngel Acosta Romero (profesor de la Universidad de Sevilla), miembros del jurado:<\/p><p style=\"text-align: justify;\">\u00a1Os esperamos!, puede ser una buena oportunidad para conocer a esta joven escritora, para compartir y recordar a nuestro amigo Manuel D\u00edaz Vargas, conocer nuestro concurso de Narrativa que lleva su nombre, en definitiva, seguir fomentando lo que llevamos haciendo desde 1982, CULTURA CON RA\u00cdCES, CULTURA SIN FRONTERAS.<\/p>","_et_gb_content_width":"","footnotes":""},"categories":[56],"tags":[],"class_list":["post-9181","post","type-post","status-publish","format-standard","has-post-thumbnail","hentry","category-iv-edicion"],"acf":[],"yoast_head":"<!-- This site is optimized with the Yoast SEO plugin v27.4 - https:\/\/yoast.com\/product\/yoast-seo-wordpress\/ -->\n<title>PRESENTACI\u00d3N DE &quot;INSOMNIO&quot; DE VICTORIA BERNARDO GARC\u00cdA - Ediciones Alfar<\/title>\n<meta name=\"robots\" content=\"index, follow, max-snippet:-1, max-image-preview:large, max-video-preview:-1\" \/>\n<link rel=\"canonical\" href=\"https:\/\/edicionesalfar.es\/es\/2019\/05\/28\/presentacion-de-insomnio-de-victoria-bernardo-garcia\/\" \/>\n<meta property=\"og:locale\" content=\"es_ES\" \/>\n<meta property=\"og:type\" content=\"article\" \/>\n<meta property=\"og:title\" content=\"PRESENTACI\u00d3N DE &quot;INSOMNIO&quot; DE VICTORIA BERNARDO GARC\u00cdA - Ediciones Alfar\" \/>\n<meta property=\"og:description\" content=\"El pr\u00f3ximo jueves 26 de octubre presentamos la obra Insomnio de Victoria Bernardo Garc\u00eda, obra ganadora IV Concurso Narrativa Manuel D\u00edaz Vargas. El acto se celebrar\u00e1 en Fundaci\u00f3n Cruzcampo (Avda. Andaluc\u00eda, Sevilla) a las 20 horas. Contaremos con las palabras del periodista \u00c1lvaro Romero Bernal y con la intervenci\u00f3n de Fernando Garc\u00eda Calder\u00f3n (escritor) y [&hellip;]\" \/>\n<meta property=\"og:url\" content=\"https:\/\/edicionesalfar.es\/es\/2019\/05\/28\/presentacion-de-insomnio-de-victoria-bernardo-garcia\/\" \/>\n<meta property=\"og:site_name\" content=\"Ediciones Alfar\" \/>\n<meta property=\"article:published_time\" content=\"2019-05-28T08:22:54+00:00\" \/>\n<meta property=\"article:modified_time\" content=\"2021-10-19T22:45:16+00:00\" \/>\n<meta property=\"og:image\" content=\"https:\/\/edicionesalfar.es\/es\/wp-content\/uploads\/2019\/05\/insmnio.jpg\" \/>\n\t<meta property=\"og:image:width\" content=\"900\" \/>\n\t<meta property=\"og:image:height\" content=\"398\" \/>\n\t<meta property=\"og:image:type\" content=\"image\/jpeg\" \/>\n<meta name=\"author\" content=\"entrestrazos\" \/>\n<meta name=\"twitter:card\" content=\"summary_large_image\" \/>\n<meta name=\"twitter:label1\" content=\"Escrito por\" \/>\n\t<meta name=\"twitter:data1\" content=\"entrestrazos\" \/>\n\t<meta name=\"twitter:label2\" content=\"Tiempo de lectura\" \/>\n\t<meta name=\"twitter:data2\" content=\"2 minutos\" \/>\n<script type=\"application\/ld+json\" class=\"yoast-schema-graph\">{\"@context\":\"https:\\\/\\\/schema.org\",\"@graph\":[{\"@type\":\"Article\",\"@id\":\"https:\\\/\\\/edicionesalfar.es\\\/es\\\/2019\\\/05\\\/28\\\/presentacion-de-insomnio-de-victoria-bernardo-garcia\\\/#article\",\"isPartOf\":{\"@id\":\"https:\\\/\\\/edicionesalfar.es\\\/es\\\/2019\\\/05\\\/28\\\/presentacion-de-insomnio-de-victoria-bernardo-garcia\\\/\"},\"author\":{\"name\":\"entrestrazos\",\"@id\":\"https:\\\/\\\/edicionesalfar.es\\\/es\\\/#\\\/schema\\\/person\\\/cd9db751c5c11c1f0985b448bb05f116\"},\"headline\":\"PRESENTACI\u00d3N DE \u00abINSOMNIO\u00bb DE VICTORIA BERNARDO GARC\u00cdA\",\"datePublished\":\"2019-05-28T08:22:54+00:00\",\"dateModified\":\"2021-10-19T22:45:16+00:00\",\"mainEntityOfPage\":{\"@id\":\"https:\\\/\\\/edicionesalfar.es\\\/es\\\/2019\\\/05\\\/28\\\/presentacion-de-insomnio-de-victoria-bernardo-garcia\\\/\"},\"wordCount\":319,\"image\":{\"@id\":\"https:\\\/\\\/edicionesalfar.es\\\/es\\\/2019\\\/05\\\/28\\\/presentacion-de-insomnio-de-victoria-bernardo-garcia\\\/#primaryimage\"},\"thumbnailUrl\":\"https:\\\/\\\/edicionesalfar.es\\\/es\\\/wp-content\\\/uploads\\\/2019\\\/05\\\/insmnio.jpg\",\"articleSection\":[\"IV EDICI\u00d3N\"],\"inLanguage\":\"es\"},{\"@type\":\"WebPage\",\"@id\":\"https:\\\/\\\/edicionesalfar.es\\\/es\\\/2019\\\/05\\\/28\\\/presentacion-de-insomnio-de-victoria-bernardo-garcia\\\/\",\"url\":\"https:\\\/\\\/edicionesalfar.es\\\/es\\\/2019\\\/05\\\/28\\\/presentacion-de-insomnio-de-victoria-bernardo-garcia\\\/\",\"name\":\"PRESENTACI\u00d3N DE \\\"INSOMNIO\\\" DE VICTORIA BERNARDO GARC\u00cdA - Ediciones Alfar\",\"isPartOf\":{\"@id\":\"https:\\\/\\\/edicionesalfar.es\\\/es\\\/#website\"},\"primaryImageOfPage\":{\"@id\":\"https:\\\/\\\/edicionesalfar.es\\\/es\\\/2019\\\/05\\\/28\\\/presentacion-de-insomnio-de-victoria-bernardo-garcia\\\/#primaryimage\"},\"image\":{\"@id\":\"https:\\\/\\\/edicionesalfar.es\\\/es\\\/2019\\\/05\\\/28\\\/presentacion-de-insomnio-de-victoria-bernardo-garcia\\\/#primaryimage\"},\"thumbnailUrl\":\"https:\\\/\\\/edicionesalfar.es\\\/es\\\/wp-content\\\/uploads\\\/2019\\\/05\\\/insmnio.jpg\",\"datePublished\":\"2019-05-28T08:22:54+00:00\",\"dateModified\":\"2021-10-19T22:45:16+00:00\",\"author\":{\"@id\":\"https:\\\/\\\/edicionesalfar.es\\\/es\\\/#\\\/schema\\\/person\\\/cd9db751c5c11c1f0985b448bb05f116\"},\"breadcrumb\":{\"@id\":\"https:\\\/\\\/edicionesalfar.es\\\/es\\\/2019\\\/05\\\/28\\\/presentacion-de-insomnio-de-victoria-bernardo-garcia\\\/#breadcrumb\"},\"inLanguage\":\"es\",\"potentialAction\":[{\"@type\":\"ReadAction\",\"target\":[\"https:\\\/\\\/edicionesalfar.es\\\/es\\\/2019\\\/05\\\/28\\\/presentacion-de-insomnio-de-victoria-bernardo-garcia\\\/\"]}]},{\"@type\":\"ImageObject\",\"inLanguage\":\"es\",\"@id\":\"https:\\\/\\\/edicionesalfar.es\\\/es\\\/2019\\\/05\\\/28\\\/presentacion-de-insomnio-de-victoria-bernardo-garcia\\\/#primaryimage\",\"url\":\"https:\\\/\\\/edicionesalfar.es\\\/es\\\/wp-content\\\/uploads\\\/2019\\\/05\\\/insmnio.jpg\",\"contentUrl\":\"https:\\\/\\\/edicionesalfar.es\\\/es\\\/wp-content\\\/uploads\\\/2019\\\/05\\\/insmnio.jpg\",\"width\":900,\"height\":398},{\"@type\":\"BreadcrumbList\",\"@id\":\"https:\\\/\\\/edicionesalfar.es\\\/es\\\/2019\\\/05\\\/28\\\/presentacion-de-insomnio-de-victoria-bernardo-garcia\\\/#breadcrumb\",\"itemListElement\":[{\"@type\":\"ListItem\",\"position\":1,\"name\":\"Portada\",\"item\":\"https:\\\/\\\/edicionesalfar.es\\\/es\\\/\"},{\"@type\":\"ListItem\",\"position\":2,\"name\":\"PRESENTACI\u00d3N DE &#8220;INSOMNIO&#8221; DE VICTORIA BERNARDO GARC\u00cdA\"}]},{\"@type\":\"WebSite\",\"@id\":\"https:\\\/\\\/edicionesalfar.es\\\/es\\\/#website\",\"url\":\"https:\\\/\\\/edicionesalfar.es\\\/es\\\/\",\"name\":\"Ediciones Alfar\",\"description\":\"\",\"potentialAction\":[{\"@type\":\"SearchAction\",\"target\":{\"@type\":\"EntryPoint\",\"urlTemplate\":\"https:\\\/\\\/edicionesalfar.es\\\/es\\\/?s={search_term_string}\"},\"query-input\":{\"@type\":\"PropertyValueSpecification\",\"valueRequired\":true,\"valueName\":\"search_term_string\"}}],\"inLanguage\":\"es\"},{\"@type\":\"Person\",\"@id\":\"https:\\\/\\\/edicionesalfar.es\\\/es\\\/#\\\/schema\\\/person\\\/cd9db751c5c11c1f0985b448bb05f116\",\"name\":\"entrestrazos\",\"image\":{\"@type\":\"ImageObject\",\"inLanguage\":\"es\",\"@id\":\"https:\\\/\\\/secure.gravatar.com\\\/avatar\\\/5f078b9f99752d3d32554e4f919813857ee0226c776b9e843590af3ceede1c02?s=96&d=mm&r=g\",\"url\":\"https:\\\/\\\/secure.gravatar.com\\\/avatar\\\/5f078b9f99752d3d32554e4f919813857ee0226c776b9e843590af3ceede1c02?s=96&d=mm&r=g\",\"contentUrl\":\"https:\\\/\\\/secure.gravatar.com\\\/avatar\\\/5f078b9f99752d3d32554e4f919813857ee0226c776b9e843590af3ceede1c02?s=96&d=mm&r=g\",\"caption\":\"entrestrazos\"},\"url\":\"https:\\\/\\\/edicionesalfar.es\\\/es\\\/author\\\/entrestrazos\\\/\"}]}<\/script>\n<!-- \/ Yoast SEO plugin. -->","yoast_head_json":{"title":"PRESENTACI\u00d3N DE \"INSOMNIO\" DE VICTORIA BERNARDO GARC\u00cdA - Ediciones Alfar","robots":{"index":"index","follow":"follow","max-snippet":"max-snippet:-1","max-image-preview":"max-image-preview:large","max-video-preview":"max-video-preview:-1"},"canonical":"https:\/\/edicionesalfar.es\/es\/2019\/05\/28\/presentacion-de-insomnio-de-victoria-bernardo-garcia\/","og_locale":"es_ES","og_type":"article","og_title":"PRESENTACI\u00d3N DE \"INSOMNIO\" DE VICTORIA BERNARDO GARC\u00cdA - Ediciones Alfar","og_description":"El pr\u00f3ximo jueves 26 de octubre presentamos la obra Insomnio de Victoria Bernardo Garc\u00eda, obra ganadora IV Concurso Narrativa Manuel D\u00edaz Vargas. El acto se celebrar\u00e1 en Fundaci\u00f3n Cruzcampo (Avda. Andaluc\u00eda, Sevilla) a las 20 horas. Contaremos con las palabras del periodista \u00c1lvaro Romero Bernal y con la intervenci\u00f3n de Fernando Garc\u00eda Calder\u00f3n (escritor) y [&hellip;]","og_url":"https:\/\/edicionesalfar.es\/es\/2019\/05\/28\/presentacion-de-insomnio-de-victoria-bernardo-garcia\/","og_site_name":"Ediciones Alfar","article_published_time":"2019-05-28T08:22:54+00:00","article_modified_time":"2021-10-19T22:45:16+00:00","og_image":[{"width":900,"height":398,"url":"https:\/\/edicionesalfar.es\/es\/wp-content\/uploads\/2019\/05\/insmnio.jpg","type":"image\/jpeg"}],"author":"entrestrazos","twitter_card":"summary_large_image","twitter_misc":{"Escrito por":"entrestrazos","Tiempo de lectura":"2 minutos"},"schema":{"@context":"https:\/\/schema.org","@graph":[{"@type":"Article","@id":"https:\/\/edicionesalfar.es\/es\/2019\/05\/28\/presentacion-de-insomnio-de-victoria-bernardo-garcia\/#article","isPartOf":{"@id":"https:\/\/edicionesalfar.es\/es\/2019\/05\/28\/presentacion-de-insomnio-de-victoria-bernardo-garcia\/"},"author":{"name":"entrestrazos","@id":"https:\/\/edicionesalfar.es\/es\/#\/schema\/person\/cd9db751c5c11c1f0985b448bb05f116"},"headline":"PRESENTACI\u00d3N DE \u00abINSOMNIO\u00bb DE VICTORIA BERNARDO GARC\u00cdA","datePublished":"2019-05-28T08:22:54+00:00","dateModified":"2021-10-19T22:45:16+00:00","mainEntityOfPage":{"@id":"https:\/\/edicionesalfar.es\/es\/2019\/05\/28\/presentacion-de-insomnio-de-victoria-bernardo-garcia\/"},"wordCount":319,"image":{"@id":"https:\/\/edicionesalfar.es\/es\/2019\/05\/28\/presentacion-de-insomnio-de-victoria-bernardo-garcia\/#primaryimage"},"thumbnailUrl":"https:\/\/edicionesalfar.es\/es\/wp-content\/uploads\/2019\/05\/insmnio.jpg","articleSection":["IV EDICI\u00d3N"],"inLanguage":"es"},{"@type":"WebPage","@id":"https:\/\/edicionesalfar.es\/es\/2019\/05\/28\/presentacion-de-insomnio-de-victoria-bernardo-garcia\/","url":"https:\/\/edicionesalfar.es\/es\/2019\/05\/28\/presentacion-de-insomnio-de-victoria-bernardo-garcia\/","name":"PRESENTACI\u00d3N DE \"INSOMNIO\" DE VICTORIA BERNARDO GARC\u00cdA - Ediciones Alfar","isPartOf":{"@id":"https:\/\/edicionesalfar.es\/es\/#website"},"primaryImageOfPage":{"@id":"https:\/\/edicionesalfar.es\/es\/2019\/05\/28\/presentacion-de-insomnio-de-victoria-bernardo-garcia\/#primaryimage"},"image":{"@id":"https:\/\/edicionesalfar.es\/es\/2019\/05\/28\/presentacion-de-insomnio-de-victoria-bernardo-garcia\/#primaryimage"},"thumbnailUrl":"https:\/\/edicionesalfar.es\/es\/wp-content\/uploads\/2019\/05\/insmnio.jpg","datePublished":"2019-05-28T08:22:54+00:00","dateModified":"2021-10-19T22:45:16+00:00","author":{"@id":"https:\/\/edicionesalfar.es\/es\/#\/schema\/person\/cd9db751c5c11c1f0985b448bb05f116"},"breadcrumb":{"@id":"https:\/\/edicionesalfar.es\/es\/2019\/05\/28\/presentacion-de-insomnio-de-victoria-bernardo-garcia\/#breadcrumb"},"inLanguage":"es","potentialAction":[{"@type":"ReadAction","target":["https:\/\/edicionesalfar.es\/es\/2019\/05\/28\/presentacion-de-insomnio-de-victoria-bernardo-garcia\/"]}]},{"@type":"ImageObject","inLanguage":"es","@id":"https:\/\/edicionesalfar.es\/es\/2019\/05\/28\/presentacion-de-insomnio-de-victoria-bernardo-garcia\/#primaryimage","url":"https:\/\/edicionesalfar.es\/es\/wp-content\/uploads\/2019\/05\/insmnio.jpg","contentUrl":"https:\/\/edicionesalfar.es\/es\/wp-content\/uploads\/2019\/05\/insmnio.jpg","width":900,"height":398},{"@type":"BreadcrumbList","@id":"https:\/\/edicionesalfar.es\/es\/2019\/05\/28\/presentacion-de-insomnio-de-victoria-bernardo-garcia\/#breadcrumb","itemListElement":[{"@type":"ListItem","position":1,"name":"Portada","item":"https:\/\/edicionesalfar.es\/es\/"},{"@type":"ListItem","position":2,"name":"PRESENTACI\u00d3N DE &#8220;INSOMNIO&#8221; DE VICTORIA BERNARDO GARC\u00cdA"}]},{"@type":"WebSite","@id":"https:\/\/edicionesalfar.es\/es\/#website","url":"https:\/\/edicionesalfar.es\/es\/","name":"Ediciones Alfar","description":"","potentialAction":[{"@type":"SearchAction","target":{"@type":"EntryPoint","urlTemplate":"https:\/\/edicionesalfar.es\/es\/?s={search_term_string}"},"query-input":{"@type":"PropertyValueSpecification","valueRequired":true,"valueName":"search_term_string"}}],"inLanguage":"es"},{"@type":"Person","@id":"https:\/\/edicionesalfar.es\/es\/#\/schema\/person\/cd9db751c5c11c1f0985b448bb05f116","name":"entrestrazos","image":{"@type":"ImageObject","inLanguage":"es","@id":"https:\/\/secure.gravatar.com\/avatar\/5f078b9f99752d3d32554e4f919813857ee0226c776b9e843590af3ceede1c02?s=96&d=mm&r=g","url":"https:\/\/secure.gravatar.com\/avatar\/5f078b9f99752d3d32554e4f919813857ee0226c776b9e843590af3ceede1c02?s=96&d=mm&r=g","contentUrl":"https:\/\/secure.gravatar.com\/avatar\/5f078b9f99752d3d32554e4f919813857ee0226c776b9e843590af3ceede1c02?s=96&d=mm&r=g","caption":"entrestrazos"},"url":"https:\/\/edicionesalfar.es\/es\/author\/entrestrazos\/"}]}},"jetpack_featured_media_url":"https:\/\/edicionesalfar.es\/es\/wp-content\/uploads\/2019\/05\/insmnio.jpg","_links":{"self":[{"href":"https:\/\/edicionesalfar.es\/es\/wp-json\/wp\/v2\/posts\/9181","targetHints":{"allow":["GET"]}}],"collection":[{"href":"https:\/\/edicionesalfar.es\/es\/wp-json\/wp\/v2\/posts"}],"about":[{"href":"https:\/\/edicionesalfar.es\/es\/wp-json\/wp\/v2\/types\/post"}],"author":[{"embeddable":true,"href":"https:\/\/edicionesalfar.es\/es\/wp-json\/wp\/v2\/users\/1"}],"replies":[{"embeddable":true,"href":"https:\/\/edicionesalfar.es\/es\/wp-json\/wp\/v2\/comments?post=9181"}],"version-history":[{"count":9,"href":"https:\/\/edicionesalfar.es\/es\/wp-json\/wp\/v2\/posts\/9181\/revisions"}],"predecessor-version":[{"id":17454,"href":"https:\/\/edicionesalfar.es\/es\/wp-json\/wp\/v2\/posts\/9181\/revisions\/17454"}],"wp:featuredmedia":[{"embeddable":true,"href":"https:\/\/edicionesalfar.es\/es\/wp-json\/wp\/v2\/media\/9183"}],"wp:attachment":[{"href":"https:\/\/edicionesalfar.es\/es\/wp-json\/wp\/v2\/media?parent=9181"}],"wp:term":[{"taxonomy":"category","embeddable":true,"href":"https:\/\/edicionesalfar.es\/es\/wp-json\/wp\/v2\/categories?post=9181"},{"taxonomy":"post_tag","embeddable":true,"href":"https:\/\/edicionesalfar.es\/es\/wp-json\/wp\/v2\/tags?post=9181"}],"curies":[{"name":"wp","href":"https:\/\/api.w.org\/{rel}","templated":true}]}}