{"id":9172,"date":"2019-07-08T10:17:10","date_gmt":"2019-07-08T08:17:10","guid":{"rendered":"http:\/\/www.edicionesalfar.es\/web-wordpress\/?p=9172"},"modified":"2021-10-20T00:45:06","modified_gmt":"2021-10-19T22:45:06","slug":"seleccion-de-finalistas-de-la-v-edicion","status":"publish","type":"post","link":"https:\/\/edicionesalfar.es\/es\/2019\/07\/08\/seleccion-de-finalistas-de-la-v-edicion\/","title":{"rendered":"SELECCI\u00d3N DE FINALISTAS DE LA V EDICI\u00d3N"},"content":{"rendered":"<p>[et_pb_section fb_built=\u00bb1&#8243; fullwidth=\u00bbon\u00bb _builder_version=\u00bb3.22.7&#8243; background_color=\u00bb#a6c0ca\u00bb global_colors_info=\u00bb{}\u00bb][et_pb_fullwidth_header title=\u00bbSELECCI\u00d3N DE FINALISTAS DE LA V EDICI\u00d3N\u00bb admin_label=\u00bbT\u00edtulo de la entrada\u00bb _builder_version=\u00bb3.22.7&#8243; background_color=\u00bbrgba(46,163,242,0)\u00bb custom_padding=\u00bb34px||5px|||\u00bb global_colors_info=\u00bb{}\u00bb][\/et_pb_fullwidth_header][\/et_pb_section][et_pb_section fb_built=\u00bb1&#8243; admin_label=\u00bbsection\u00bb _builder_version=\u00bb3.22.3&#8243; custom_margin=\u00bb6px|||||\u00bb global_colors_info=\u00bb{}\u00bb][et_pb_row _builder_version=\u00bb3.25&#8243; global_colors_info=\u00bb{}\u00bb column_structure=\u00bb2_3,1_3&#8243;][et_pb_column type=\u00bb2_3&#8243; _builder_version=\u00bb3.25&#8243; custom_padding=\u00bb|||\u00bb global_colors_info=\u00bb{}\u00bb custom_padding__hover=\u00bb|||\u00bb][et_pb_text admin_label=\u00bbContenido entrada\u00bb _builder_version=\u00bb3.27.4&#8243; custom_padding=\u00bb|25px||||\u00bb global_colors_info=\u00bb{}\u00bb]<\/p>\n<p style=\"text-align: justify;\">Despu\u00e9s de meses de lectura y valoraci\u00f3n, de obras que nos han hecho disfrutar, y de otras que no tanto, tenemos la selecci\u00f3n de las obras que pasan como <strong>FINALISTAS<\/strong> a la siguiente fase de nuestro <strong>V Concurso de Narrativa Manuel D\u00edez Vargas.<\/strong><\/p>\n<p style=\"text-align: justify;\">Hemos recibido m\u00e1s de 250 obras, la mayor\u00eda desde Espa\u00f1a, pero tambi\u00e9n de pa\u00edses como Cuba, Argentina, Colombia, Chile, Austria, China, Francia y Estados Unidos.<\/p>\n<p style=\"text-align: justify;\">Las obras FINALISTAS son:<\/p>\n<ul>\n<li>EL BUEN ESCLAVO de Fernando Morales Astola<\/li>\n<li>UN DIOS EN EL S\u00d3TANO de Adri\u00e1n Osorno Hern\u00e1ndez<\/li>\n<li>VIAJEROS de Karonlains Alarcon Forero<\/li>\n<li>PIEZAS PARA ARMAS de Yonnier Torres Rodr\u00edguez<\/li>\n<li>EL VIAJANTE de Emilia Luna Mart\u00edn<\/li>\n<li>MANOLITO de Emilio Alonso Feliz<\/li>\n<li>LA MU\u00d1ECA ROTA de Viviana M- Hern\u00e1ndez Alfonso<\/li>\n<li>VIRUSWALL de Leonardo Kogan<\/li>\n<li>LUZ QUE SE ENTREMETE de Hugolina G. Finck<\/li>\n<li>COLOR DEL TRIGO de Dami\u00e1n Nicol\u00e1s L\u00f3pez Dallara<\/li>\n<\/ul>\n<p style=\"text-align: justify;\">Ahora toca tener un nuevo per\u00edodo de lectura y valoraci\u00f3n, as\u00ed que esperamos sea un proceso tan enriquecedor como est\u00e1 siendo hasta el momento.<\/p>\n<p style=\"text-align: justify;\">Enhorabuena a los finalistas y gracias a todos por participar.<\/p>\n<p>[\/et_pb_text][\/et_pb_column][et_pb_column type=\u00bb1_3&#8243; _builder_version=\u00bb3.25&#8243; custom_padding=\u00bb|||\u00bb global_colors_info=\u00bb{}\u00bb custom_padding__hover=\u00bb|||\u00bb][et_pb_image src=\u00bbhttp:\/\/www.edicionesalfar.es\/web-wordpress\/wp-content\/uploads\/2019\/05\/Libros_EDIIMA20170423_0117_19.jpg\u00bb align_tablet=\u00bbcenter\u00bb align_last_edited=\u00bbon|desktop\u00bb admin_label=\u00bbImagen de la entrada\u00bb _builder_version=\u00bb3.23&#8243; custom_margin=\u00bb|-6px||||\u00bb custom_padding=\u00bb|0px||15px||\u00bb global_colors_info=\u00bb{}\u00bb][\/et_pb_image][\/et_pb_column][\/et_pb_row][\/et_pb_section]<\/p>\n","protected":false},"excerpt":{"rendered":"<p>Despu\u00e9s de meses de lectura y valoraci\u00f3n, de obras que nos han hecho disfrutar, y de otras que no tanto, tenemos la selecci\u00f3n de las obras que pasan como FINALISTAS a la siguiente fase de nuestro V Concurso de Narrativa Manuel D\u00edez Vargas. Hemos recibido m\u00e1s de 250 obras, la mayor\u00eda desde Espa\u00f1a, pero tambi\u00e9n [&hellip;]<\/p>\n","protected":false},"author":1,"featured_media":50,"comment_status":"closed","ping_status":"open","sticky":false,"template":"","format":"standard","meta":{"_acf_changed":false,"_et_pb_use_builder":"on","_et_pb_old_content":"<p style=\"text-align: justify;\">Despu\u00e9s de meses de lectura y valoraci\u00f3n, de obras que nos han hecho disfrutar, y de otras que no tanto, tenemos la selecci\u00f3n de las obras que pasan como <strong>FINALISTAS<\/strong> a la siguiente fase de nuestro <strong>V Concurso de Narrativa Manuel D\u00edez Vargas.<\/strong><\/p>\r\n<p style=\"text-align: justify;\">Hemos recibido m\u00e1s de 250 obras, la mayor\u00eda desde Espa\u00f1a, pero tambi\u00e9n de pa\u00edses como Cuba, Argentina, Colombia, Chile, Austria, China, Francia y Estados Unidos.<\/p>\r\n<p style=\"text-align: justify;\">Las obras FINALISTAS son:<\/p>\r\n\r\n<ul>\r\n \t<li>EL BUEN ESCLAVO de Fernando Morales Astola<\/li>\r\n \t<li>UN DIOS EN EL S\u00d3TANO de Adri\u00e1n Osorno Hern\u00e1ndez<\/li>\r\n \t<li>VIAJEROS de Karonlains Alarcon Forero<\/li>\r\n \t<li>PIEZAS PARA ARMAS de Yonnier Torres Rodr\u00edguez<\/li>\r\n \t<li>EL VIAJANTE de Emilia Luna Mart\u00edn<\/li>\r\n \t<li>MANOLITO de Emilio Alonso Feliz<\/li>\r\n \t<li>LA MU\u00d1ECA ROTA de Viviana M- Hern\u00e1ndez Alfonso<\/li>\r\n \t<li>VIRUSWALL de Leonardo Kogan<\/li>\r\n \t<li>LUZ QUE SE ENTREMETE de Hugolina G. Finck<\/li>\r\n \t<li>COLOR DEL TRIGO de Dami\u00e1n Nicol\u00e1s L\u00f3pez Dallara<\/li>\r\n<\/ul>\r\n<p style=\"text-align: justify;\">Ahora toca tener un nuevo per\u00edodo de lectura y valoraci\u00f3n, as\u00ed que esperamos sea un proceso tan enriquecedor como est\u00e1 siendo hasta el momento.<\/p>\r\n<p style=\"text-align: justify;\">Enhorabuena a los finalistas y gracias a todos por participar.<\/p>","_et_gb_content_width":"","footnotes":""},"categories":[57],"tags":[],"class_list":["post-9172","post","type-post","status-publish","format-standard","has-post-thumbnail","hentry","category-v-edicion"],"acf":[],"yoast_head":"<!-- This site is optimized with the Yoast SEO plugin v27.4 - https:\/\/yoast.com\/product\/yoast-seo-wordpress\/ -->\n<title>SELECCI\u00d3N DE FINALISTAS DE LA V EDICI\u00d3N - Ediciones Alfar<\/title>\n<meta name=\"robots\" content=\"index, follow, max-snippet:-1, max-image-preview:large, max-video-preview:-1\" \/>\n<link rel=\"canonical\" href=\"https:\/\/edicionesalfar.es\/es\/2019\/07\/08\/seleccion-de-finalistas-de-la-v-edicion\/\" \/>\n<meta property=\"og:locale\" content=\"es_ES\" \/>\n<meta property=\"og:type\" content=\"article\" \/>\n<meta property=\"og:title\" content=\"SELECCI\u00d3N DE FINALISTAS DE LA V EDICI\u00d3N - Ediciones Alfar\" \/>\n<meta property=\"og:description\" content=\"Despu\u00e9s de meses de lectura y valoraci\u00f3n, de obras que nos han hecho disfrutar, y de otras que no tanto, tenemos la selecci\u00f3n de las obras que pasan como FINALISTAS a la siguiente fase de nuestro V Concurso de Narrativa Manuel D\u00edez Vargas. Hemos recibido m\u00e1s de 250 obras, la mayor\u00eda desde Espa\u00f1a, pero tambi\u00e9n [&hellip;]\" \/>\n<meta property=\"og:url\" content=\"https:\/\/edicionesalfar.es\/es\/2019\/07\/08\/seleccion-de-finalistas-de-la-v-edicion\/\" \/>\n<meta property=\"og:site_name\" content=\"Ediciones Alfar\" \/>\n<meta property=\"article:published_time\" content=\"2019-07-08T08:17:10+00:00\" \/>\n<meta property=\"article:modified_time\" content=\"2021-10-19T22:45:06+00:00\" \/>\n<meta property=\"og:image\" content=\"https:\/\/edicionesalfar.es\/es\/wp-content\/uploads\/2019\/05\/Libros_EDIIMA20170423_0117_19.jpg\" \/>\n\t<meta property=\"og:image:width\" content=\"643\" \/>\n\t<meta property=\"og:image:height\" content=\"362\" \/>\n\t<meta property=\"og:image:type\" content=\"image\/jpeg\" \/>\n<meta name=\"author\" content=\"entrestrazos\" \/>\n<meta name=\"twitter:card\" content=\"summary_large_image\" \/>\n<meta name=\"twitter:label1\" content=\"Escrito por\" \/>\n\t<meta name=\"twitter:data1\" content=\"entrestrazos\" \/>\n\t<meta name=\"twitter:label2\" content=\"Tiempo de lectura\" \/>\n\t<meta name=\"twitter:data2\" content=\"2 minutos\" \/>\n<script type=\"application\/ld+json\" class=\"yoast-schema-graph\">{\"@context\":\"https:\\\/\\\/schema.org\",\"@graph\":[{\"@type\":\"Article\",\"@id\":\"https:\\\/\\\/edicionesalfar.es\\\/es\\\/2019\\\/07\\\/08\\\/seleccion-de-finalistas-de-la-v-edicion\\\/#article\",\"isPartOf\":{\"@id\":\"https:\\\/\\\/edicionesalfar.es\\\/es\\\/2019\\\/07\\\/08\\\/seleccion-de-finalistas-de-la-v-edicion\\\/\"},\"author\":{\"name\":\"entrestrazos\",\"@id\":\"https:\\\/\\\/edicionesalfar.es\\\/es\\\/#\\\/schema\\\/person\\\/cd9db751c5c11c1f0985b448bb05f116\"},\"headline\":\"SELECCI\u00d3N DE FINALISTAS DE LA V EDICI\u00d3N\",\"datePublished\":\"2019-07-08T08:17:10+00:00\",\"dateModified\":\"2021-10-19T22:45:06+00:00\",\"mainEntityOfPage\":{\"@id\":\"https:\\\/\\\/edicionesalfar.es\\\/es\\\/2019\\\/07\\\/08\\\/seleccion-de-finalistas-de-la-v-edicion\\\/\"},\"wordCount\":387,\"image\":{\"@id\":\"https:\\\/\\\/edicionesalfar.es\\\/es\\\/2019\\\/07\\\/08\\\/seleccion-de-finalistas-de-la-v-edicion\\\/#primaryimage\"},\"thumbnailUrl\":\"https:\\\/\\\/edicionesalfar.es\\\/es\\\/wp-content\\\/uploads\\\/2019\\\/05\\\/Libros_EDIIMA20170423_0117_19.jpg\",\"articleSection\":[\"V EDICI\u00d3N\"],\"inLanguage\":\"es\"},{\"@type\":\"WebPage\",\"@id\":\"https:\\\/\\\/edicionesalfar.es\\\/es\\\/2019\\\/07\\\/08\\\/seleccion-de-finalistas-de-la-v-edicion\\\/\",\"url\":\"https:\\\/\\\/edicionesalfar.es\\\/es\\\/2019\\\/07\\\/08\\\/seleccion-de-finalistas-de-la-v-edicion\\\/\",\"name\":\"SELECCI\u00d3N DE FINALISTAS DE LA V EDICI\u00d3N - Ediciones Alfar\",\"isPartOf\":{\"@id\":\"https:\\\/\\\/edicionesalfar.es\\\/es\\\/#website\"},\"primaryImageOfPage\":{\"@id\":\"https:\\\/\\\/edicionesalfar.es\\\/es\\\/2019\\\/07\\\/08\\\/seleccion-de-finalistas-de-la-v-edicion\\\/#primaryimage\"},\"image\":{\"@id\":\"https:\\\/\\\/edicionesalfar.es\\\/es\\\/2019\\\/07\\\/08\\\/seleccion-de-finalistas-de-la-v-edicion\\\/#primaryimage\"},\"thumbnailUrl\":\"https:\\\/\\\/edicionesalfar.es\\\/es\\\/wp-content\\\/uploads\\\/2019\\\/05\\\/Libros_EDIIMA20170423_0117_19.jpg\",\"datePublished\":\"2019-07-08T08:17:10+00:00\",\"dateModified\":\"2021-10-19T22:45:06+00:00\",\"author\":{\"@id\":\"https:\\\/\\\/edicionesalfar.es\\\/es\\\/#\\\/schema\\\/person\\\/cd9db751c5c11c1f0985b448bb05f116\"},\"breadcrumb\":{\"@id\":\"https:\\\/\\\/edicionesalfar.es\\\/es\\\/2019\\\/07\\\/08\\\/seleccion-de-finalistas-de-la-v-edicion\\\/#breadcrumb\"},\"inLanguage\":\"es\",\"potentialAction\":[{\"@type\":\"ReadAction\",\"target\":[\"https:\\\/\\\/edicionesalfar.es\\\/es\\\/2019\\\/07\\\/08\\\/seleccion-de-finalistas-de-la-v-edicion\\\/\"]}]},{\"@type\":\"ImageObject\",\"inLanguage\":\"es\",\"@id\":\"https:\\\/\\\/edicionesalfar.es\\\/es\\\/2019\\\/07\\\/08\\\/seleccion-de-finalistas-de-la-v-edicion\\\/#primaryimage\",\"url\":\"https:\\\/\\\/edicionesalfar.es\\\/es\\\/wp-content\\\/uploads\\\/2019\\\/05\\\/Libros_EDIIMA20170423_0117_19.jpg\",\"contentUrl\":\"https:\\\/\\\/edicionesalfar.es\\\/es\\\/wp-content\\\/uploads\\\/2019\\\/05\\\/Libros_EDIIMA20170423_0117_19.jpg\",\"width\":643,\"height\":362},{\"@type\":\"BreadcrumbList\",\"@id\":\"https:\\\/\\\/edicionesalfar.es\\\/es\\\/2019\\\/07\\\/08\\\/seleccion-de-finalistas-de-la-v-edicion\\\/#breadcrumb\",\"itemListElement\":[{\"@type\":\"ListItem\",\"position\":1,\"name\":\"Portada\",\"item\":\"https:\\\/\\\/edicionesalfar.es\\\/es\\\/\"},{\"@type\":\"ListItem\",\"position\":2,\"name\":\"SELECCI\u00d3N DE FINALISTAS DE LA V EDICI\u00d3N\"}]},{\"@type\":\"WebSite\",\"@id\":\"https:\\\/\\\/edicionesalfar.es\\\/es\\\/#website\",\"url\":\"https:\\\/\\\/edicionesalfar.es\\\/es\\\/\",\"name\":\"Ediciones Alfar\",\"description\":\"\",\"potentialAction\":[{\"@type\":\"SearchAction\",\"target\":{\"@type\":\"EntryPoint\",\"urlTemplate\":\"https:\\\/\\\/edicionesalfar.es\\\/es\\\/?s={search_term_string}\"},\"query-input\":{\"@type\":\"PropertyValueSpecification\",\"valueRequired\":true,\"valueName\":\"search_term_string\"}}],\"inLanguage\":\"es\"},{\"@type\":\"Person\",\"@id\":\"https:\\\/\\\/edicionesalfar.es\\\/es\\\/#\\\/schema\\\/person\\\/cd9db751c5c11c1f0985b448bb05f116\",\"name\":\"entrestrazos\",\"image\":{\"@type\":\"ImageObject\",\"inLanguage\":\"es\",\"@id\":\"https:\\\/\\\/secure.gravatar.com\\\/avatar\\\/5f078b9f99752d3d32554e4f919813857ee0226c776b9e843590af3ceede1c02?s=96&d=mm&r=g\",\"url\":\"https:\\\/\\\/secure.gravatar.com\\\/avatar\\\/5f078b9f99752d3d32554e4f919813857ee0226c776b9e843590af3ceede1c02?s=96&d=mm&r=g\",\"contentUrl\":\"https:\\\/\\\/secure.gravatar.com\\\/avatar\\\/5f078b9f99752d3d32554e4f919813857ee0226c776b9e843590af3ceede1c02?s=96&d=mm&r=g\",\"caption\":\"entrestrazos\"},\"url\":\"https:\\\/\\\/edicionesalfar.es\\\/es\\\/author\\\/entrestrazos\\\/\"}]}<\/script>\n<!-- \/ Yoast SEO plugin. -->","yoast_head_json":{"title":"SELECCI\u00d3N DE FINALISTAS DE LA V EDICI\u00d3N - Ediciones Alfar","robots":{"index":"index","follow":"follow","max-snippet":"max-snippet:-1","max-image-preview":"max-image-preview:large","max-video-preview":"max-video-preview:-1"},"canonical":"https:\/\/edicionesalfar.es\/es\/2019\/07\/08\/seleccion-de-finalistas-de-la-v-edicion\/","og_locale":"es_ES","og_type":"article","og_title":"SELECCI\u00d3N DE FINALISTAS DE LA V EDICI\u00d3N - Ediciones Alfar","og_description":"Despu\u00e9s de meses de lectura y valoraci\u00f3n, de obras que nos han hecho disfrutar, y de otras que no tanto, tenemos la selecci\u00f3n de las obras que pasan como FINALISTAS a la siguiente fase de nuestro V Concurso de Narrativa Manuel D\u00edez Vargas. Hemos recibido m\u00e1s de 250 obras, la mayor\u00eda desde Espa\u00f1a, pero tambi\u00e9n [&hellip;]","og_url":"https:\/\/edicionesalfar.es\/es\/2019\/07\/08\/seleccion-de-finalistas-de-la-v-edicion\/","og_site_name":"Ediciones Alfar","article_published_time":"2019-07-08T08:17:10+00:00","article_modified_time":"2021-10-19T22:45:06+00:00","og_image":[{"width":643,"height":362,"url":"https:\/\/edicionesalfar.es\/es\/wp-content\/uploads\/2019\/05\/Libros_EDIIMA20170423_0117_19.jpg","type":"image\/jpeg"}],"author":"entrestrazos","twitter_card":"summary_large_image","twitter_misc":{"Escrito por":"entrestrazos","Tiempo de lectura":"2 minutos"},"schema":{"@context":"https:\/\/schema.org","@graph":[{"@type":"Article","@id":"https:\/\/edicionesalfar.es\/es\/2019\/07\/08\/seleccion-de-finalistas-de-la-v-edicion\/#article","isPartOf":{"@id":"https:\/\/edicionesalfar.es\/es\/2019\/07\/08\/seleccion-de-finalistas-de-la-v-edicion\/"},"author":{"name":"entrestrazos","@id":"https:\/\/edicionesalfar.es\/es\/#\/schema\/person\/cd9db751c5c11c1f0985b448bb05f116"},"headline":"SELECCI\u00d3N DE FINALISTAS DE LA V EDICI\u00d3N","datePublished":"2019-07-08T08:17:10+00:00","dateModified":"2021-10-19T22:45:06+00:00","mainEntityOfPage":{"@id":"https:\/\/edicionesalfar.es\/es\/2019\/07\/08\/seleccion-de-finalistas-de-la-v-edicion\/"},"wordCount":387,"image":{"@id":"https:\/\/edicionesalfar.es\/es\/2019\/07\/08\/seleccion-de-finalistas-de-la-v-edicion\/#primaryimage"},"thumbnailUrl":"https:\/\/edicionesalfar.es\/es\/wp-content\/uploads\/2019\/05\/Libros_EDIIMA20170423_0117_19.jpg","articleSection":["V EDICI\u00d3N"],"inLanguage":"es"},{"@type":"WebPage","@id":"https:\/\/edicionesalfar.es\/es\/2019\/07\/08\/seleccion-de-finalistas-de-la-v-edicion\/","url":"https:\/\/edicionesalfar.es\/es\/2019\/07\/08\/seleccion-de-finalistas-de-la-v-edicion\/","name":"SELECCI\u00d3N DE FINALISTAS DE LA V EDICI\u00d3N - Ediciones Alfar","isPartOf":{"@id":"https:\/\/edicionesalfar.es\/es\/#website"},"primaryImageOfPage":{"@id":"https:\/\/edicionesalfar.es\/es\/2019\/07\/08\/seleccion-de-finalistas-de-la-v-edicion\/#primaryimage"},"image":{"@id":"https:\/\/edicionesalfar.es\/es\/2019\/07\/08\/seleccion-de-finalistas-de-la-v-edicion\/#primaryimage"},"thumbnailUrl":"https:\/\/edicionesalfar.es\/es\/wp-content\/uploads\/2019\/05\/Libros_EDIIMA20170423_0117_19.jpg","datePublished":"2019-07-08T08:17:10+00:00","dateModified":"2021-10-19T22:45:06+00:00","author":{"@id":"https:\/\/edicionesalfar.es\/es\/#\/schema\/person\/cd9db751c5c11c1f0985b448bb05f116"},"breadcrumb":{"@id":"https:\/\/edicionesalfar.es\/es\/2019\/07\/08\/seleccion-de-finalistas-de-la-v-edicion\/#breadcrumb"},"inLanguage":"es","potentialAction":[{"@type":"ReadAction","target":["https:\/\/edicionesalfar.es\/es\/2019\/07\/08\/seleccion-de-finalistas-de-la-v-edicion\/"]}]},{"@type":"ImageObject","inLanguage":"es","@id":"https:\/\/edicionesalfar.es\/es\/2019\/07\/08\/seleccion-de-finalistas-de-la-v-edicion\/#primaryimage","url":"https:\/\/edicionesalfar.es\/es\/wp-content\/uploads\/2019\/05\/Libros_EDIIMA20170423_0117_19.jpg","contentUrl":"https:\/\/edicionesalfar.es\/es\/wp-content\/uploads\/2019\/05\/Libros_EDIIMA20170423_0117_19.jpg","width":643,"height":362},{"@type":"BreadcrumbList","@id":"https:\/\/edicionesalfar.es\/es\/2019\/07\/08\/seleccion-de-finalistas-de-la-v-edicion\/#breadcrumb","itemListElement":[{"@type":"ListItem","position":1,"name":"Portada","item":"https:\/\/edicionesalfar.es\/es\/"},{"@type":"ListItem","position":2,"name":"SELECCI\u00d3N DE FINALISTAS DE LA V EDICI\u00d3N"}]},{"@type":"WebSite","@id":"https:\/\/edicionesalfar.es\/es\/#website","url":"https:\/\/edicionesalfar.es\/es\/","name":"Ediciones Alfar","description":"","potentialAction":[{"@type":"SearchAction","target":{"@type":"EntryPoint","urlTemplate":"https:\/\/edicionesalfar.es\/es\/?s={search_term_string}"},"query-input":{"@type":"PropertyValueSpecification","valueRequired":true,"valueName":"search_term_string"}}],"inLanguage":"es"},{"@type":"Person","@id":"https:\/\/edicionesalfar.es\/es\/#\/schema\/person\/cd9db751c5c11c1f0985b448bb05f116","name":"entrestrazos","image":{"@type":"ImageObject","inLanguage":"es","@id":"https:\/\/secure.gravatar.com\/avatar\/5f078b9f99752d3d32554e4f919813857ee0226c776b9e843590af3ceede1c02?s=96&d=mm&r=g","url":"https:\/\/secure.gravatar.com\/avatar\/5f078b9f99752d3d32554e4f919813857ee0226c776b9e843590af3ceede1c02?s=96&d=mm&r=g","contentUrl":"https:\/\/secure.gravatar.com\/avatar\/5f078b9f99752d3d32554e4f919813857ee0226c776b9e843590af3ceede1c02?s=96&d=mm&r=g","caption":"entrestrazos"},"url":"https:\/\/edicionesalfar.es\/es\/author\/entrestrazos\/"}]}},"jetpack_featured_media_url":"https:\/\/edicionesalfar.es\/es\/wp-content\/uploads\/2019\/05\/Libros_EDIIMA20170423_0117_19.jpg","_links":{"self":[{"href":"https:\/\/edicionesalfar.es\/es\/wp-json\/wp\/v2\/posts\/9172","targetHints":{"allow":["GET"]}}],"collection":[{"href":"https:\/\/edicionesalfar.es\/es\/wp-json\/wp\/v2\/posts"}],"about":[{"href":"https:\/\/edicionesalfar.es\/es\/wp-json\/wp\/v2\/types\/post"}],"author":[{"embeddable":true,"href":"https:\/\/edicionesalfar.es\/es\/wp-json\/wp\/v2\/users\/1"}],"replies":[{"embeddable":true,"href":"https:\/\/edicionesalfar.es\/es\/wp-json\/wp\/v2\/comments?post=9172"}],"version-history":[{"count":5,"href":"https:\/\/edicionesalfar.es\/es\/wp-json\/wp\/v2\/posts\/9172\/revisions"}],"predecessor-version":[{"id":17452,"href":"https:\/\/edicionesalfar.es\/es\/wp-json\/wp\/v2\/posts\/9172\/revisions\/17452"}],"wp:featuredmedia":[{"embeddable":true,"href":"https:\/\/edicionesalfar.es\/es\/wp-json\/wp\/v2\/media\/50"}],"wp:attachment":[{"href":"https:\/\/edicionesalfar.es\/es\/wp-json\/wp\/v2\/media?parent=9172"}],"wp:term":[{"taxonomy":"category","embeddable":true,"href":"https:\/\/edicionesalfar.es\/es\/wp-json\/wp\/v2\/categories?post=9172"},{"taxonomy":"post_tag","embeddable":true,"href":"https:\/\/edicionesalfar.es\/es\/wp-json\/wp\/v2\/tags?post=9172"}],"curies":[{"name":"wp","href":"https:\/\/api.w.org\/{rel}","templated":true}]}}