{"id":9168,"date":"2019-07-09T10:16:10","date_gmt":"2019-07-09T08:16:10","guid":{"rendered":"http:\/\/www.edicionesalfar.es\/web-wordpress\/?p=9168"},"modified":"2021-10-20T00:45:02","modified_gmt":"2021-10-19T22:45:02","slug":"emilio-alonso-feliz-gana-el-v-premio-de-novela-para-autores-noveles-manuel-diaz-vargas","status":"publish","type":"post","link":"https:\/\/edicionesalfar.es\/es\/2019\/07\/09\/emilio-alonso-feliz-gana-el-v-premio-de-novela-para-autores-noveles-manuel-diaz-vargas\/","title":{"rendered":"EMILIO ALONSO FELIZ GANA EL V PREMIO DE NOVELA PARA AUTORES NOVELES MANUEL D\u00cdAZ VARGAS"},"content":{"rendered":"<p>[et_pb_section fb_built=\u00bb1&#8243; fullwidth=\u00bbon\u00bb _builder_version=\u00bb3.22.7&#8243; background_color=\u00bb#a6c0ca\u00bb global_colors_info=\u00bb{}\u00bb][et_pb_fullwidth_header title=\u00bbEMILIO ALONSO FELIZ GANA EL V PREMIO DE NOVELA PARA AUTORES NOVELES MANUEL D\u00cdAZ VARGAS\u00bb admin_label=\u00bbT\u00edtulo de la entrada\u00bb _builder_version=\u00bb3.22.7&#8243; background_color=\u00bbrgba(46,163,242,0)\u00bb custom_padding=\u00bb34px||5px|||\u00bb global_colors_info=\u00bb{}\u00bb][\/et_pb_fullwidth_header][\/et_pb_section][et_pb_section fb_built=\u00bb1&#8243; admin_label=\u00bbsection\u00bb _builder_version=\u00bb3.22.3&#8243; custom_margin=\u00bb6px|||||\u00bb global_colors_info=\u00bb{}\u00bb][et_pb_row _builder_version=\u00bb3.25&#8243; global_colors_info=\u00bb{}\u00bb column_structure=\u00bb2_3,1_3&#8243;][et_pb_column type=\u00bb2_3&#8243; _builder_version=\u00bb3.25&#8243; custom_padding=\u00bb|||\u00bb global_colors_info=\u00bb{}\u00bb custom_padding__hover=\u00bb|||\u00bb][et_pb_text admin_label=\u00bbContenido entrada\u00bb _builder_version=\u00bb3.27.4&#8243; custom_padding=\u00bb|25px||||\u00bb global_colors_info=\u00bb{}\u00bb]<\/p>\n<h2 style=\"text-align: juatify;\"><strong>La obra <em>Manolito<\/em> se alza con el premio que ser\u00e1 publicado en la Colecci\u00f3n Biblioteca de Autores Contempor\u00e1neos de la editorial Alfar<\/strong><\/h2>\n<p style=\"text-align: justify;\">Emilio Alonso Feliz (Valencia, 1965) ha ganado el V Premio Manuel D\u00edaz Vargas para autores noveles por la novela <em>Manolito<\/em>. El galard\u00f3n, que concede Ediciones Alfar, consiste en la publicaci\u00f3n de su obra en la Colecci\u00f3n Biblioteca de Autores Contempor\u00e1neos de la editorial. El premio cuenta con el apoyo de la Red Internacional de Universidades Lectoras y del Master de Escritura Creativa de la Universidad de Sevilla.<\/p>\n<p style=\"text-align: justify;\">El jurado que ha decidido la obra ganadora lo integran los profesores de la Facultad de Comunicaci\u00f3n de la Universidad de Sevilla \u00c1ngel Acosta Romero, Carlos Peinado Elliot y Mar\u00eda Jes\u00fas Orozco Vera; el escritor y compositor musical Jos\u00e9 Pedro Gil Rom\u00e1n; los escritores Fernando Garc\u00eda Calder\u00f3n, Reyes Aguilar y Victoria Bernardo Garc\u00eda; y el periodista y escritor Daniel Blanco Parra.<\/p>\n<p style=\"text-align: justify;\">Seg\u00fan el jurado, \u00ab<em>Manolito<\/em> hereda los valores de la gran tradici\u00f3n novel\u00edstica espa\u00f1ola, en la que la sencillez expresiva se constituye en veh\u00edculo de la gesta. Una obra moderada por un narrador que act\u00faa de comparsa y contrapunto del h\u00e9roe cuyas andanzas cuenta. Un h\u00e9roe digno y singular, con una determinaci\u00f3n a prueba de obst\u00e1culos, capaz de consumar el m\u00e1s dif\u00edcil de los sue\u00f1os y llenar las p\u00e1ginas de una novela que se interpreta como un cuento amable. Un cuento, en suma, tan aut\u00e9ntico como la vida misma, cuajado de infortunio y alegr\u00eda, trascendente en su condici\u00f3n intemporal y, a la vez, de un realismo cotidiano que sus lectores sentir\u00e1n como propio\u201d.<\/p>\n<p style=\"text-align: justify;\">La obra se ha alzado con el galard\u00f3n entre los 250 manuscritos presentados, procedentes, en su mayor\u00eda, de Espa\u00f1a, pero tambi\u00e9n de pa\u00edses como Cuba,  Argentina, Colombia, Chile, Austria, China, Francia y Estados Unidos.<\/p>\n<p>[\/et_pb_text][\/et_pb_column][et_pb_column type=\u00bb1_3&#8243; _builder_version=\u00bb3.25&#8243; custom_padding=\u00bb|||\u00bb global_colors_info=\u00bb{}\u00bb custom_padding__hover=\u00bb|||\u00bb][et_pb_image src=\u00bbhttp:\/\/www.edicionesalfar.es\/web-wordpress\/wp-content\/uploads\/2019\/05\/emilio-alonso-feliz-kghC-620&#215;349@abc.jpg\u00bb align_tablet=\u00bbcenter\u00bb align_last_edited=\u00bbon|desktop\u00bb admin_label=\u00bbImagen de la entrada\u00bb _builder_version=\u00bb3.23&#8243; custom_margin=\u00bb|-6px||||\u00bb custom_padding=\u00bb|0px||15px||\u00bb global_colors_info=\u00bb{}\u00bb][\/et_pb_image][\/et_pb_column][\/et_pb_row][\/et_pb_section]<\/p>\n","protected":false},"excerpt":{"rendered":"<p>La obra Manolito se alza con el premio que ser\u00e1 publicado en la Colecci\u00f3n Biblioteca de Autores Contempor\u00e1neos de la editorial Alfar Emilio Alonso Feliz (Valencia, 1965) ha ganado el V Premio Manuel D\u00edaz Vargas para autores noveles por la novela Manolito. El galard\u00f3n, que concede Ediciones Alfar, consiste en la publicaci\u00f3n de su obra [&hellip;]<\/p>\n","protected":false},"author":1,"featured_media":43,"comment_status":"closed","ping_status":"open","sticky":false,"template":"","format":"standard","meta":{"_acf_changed":false,"_et_pb_use_builder":"on","_et_pb_old_content":"<h2 style=\"text-align: juatify;\"><strong>La obra <em>Manolito<\/em> se alza con el premio que ser\u00e1 publicado en la Colecci\u00f3n Biblioteca de Autores Contempor\u00e1neos de la editorial Alfar<\/strong><\/h2>\r\n<p style=\"text-align: justify;\">Emilio Alonso Feliz (Valencia, 1965) ha ganado el V Premio Manuel D\u00edaz Vargas para autores noveles por la novela <em>Manolito<\/em>. El galard\u00f3n, que concede Ediciones Alfar, consiste en la publicaci\u00f3n de su obra en la Colecci\u00f3n Biblioteca de Autores Contempor\u00e1neos de la editorial. El premio cuenta con el apoyo de la Red Internacional de Universidades Lectoras y del Master de Escritura Creativa de la Universidad de Sevilla.<\/p>\r\n<p style=\"text-align: justify;\">El jurado que ha decidido la obra ganadora lo integran los profesores de la Facultad de Comunicaci\u00f3n de la Universidad de Sevilla \u00c1ngel Acosta Romero, Carlos Peinado Elliot y Mar\u00eda Jes\u00fas Orozco Vera; el escritor y compositor musical Jos\u00e9 Pedro Gil Rom\u00e1n; los escritores Fernando Garc\u00eda Calder\u00f3n, Reyes Aguilar y Victoria Bernardo Garc\u00eda; y el periodista y escritor Daniel Blanco Parra.<\/p>\r\n<p style=\"text-align: justify;\">Seg\u00fan el jurado, \"<em>Manolito<\/em> hereda los valores de la gran tradici\u00f3n novel\u00edstica espa\u00f1ola, en la que la sencillez expresiva se constituye en veh\u00edculo de la gesta. Una obra moderada por un narrador que act\u00faa de comparsa y contrapunto del h\u00e9roe cuyas andanzas cuenta. Un h\u00e9roe digno y singular, con una determinaci\u00f3n a prueba de obst\u00e1culos, capaz de consumar el m\u00e1s dif\u00edcil de los sue\u00f1os y llenar las p\u00e1ginas de una novela que se interpreta como un cuento amable. Un cuento, en suma, tan aut\u00e9ntico como la vida misma, cuajado de infortunio y alegr\u00eda, trascendente en su condici\u00f3n intemporal y, a la vez, de un realismo cotidiano que sus lectores sentir\u00e1n como propio\u201d.<\/p>\r\n<p style=\"text-align: justify;\">La obra se ha alzado con el galard\u00f3n entre los 250 manuscritos presentados, procedentes, en su mayor\u00eda, de Espa\u00f1a, pero tambi\u00e9n de pa\u00edses como Cuba,  Argentina, Colombia, Chile, Austria, China, Francia y Estados Unidos.<\/p>","_et_gb_content_width":"","footnotes":""},"categories":[57],"tags":[],"class_list":["post-9168","post","type-post","status-publish","format-standard","has-post-thumbnail","hentry","category-v-edicion"],"acf":[],"yoast_head":"<!-- This site is optimized with the Yoast SEO plugin v27.4 - https:\/\/yoast.com\/product\/yoast-seo-wordpress\/ -->\n<title>EMILIO ALONSO FELIZ GANA EL V PREMIO DE NOVELA PARA AUTORES NOVELES MANUEL D\u00cdAZ VARGAS - Ediciones Alfar<\/title>\n<meta name=\"robots\" content=\"index, follow, max-snippet:-1, max-image-preview:large, max-video-preview:-1\" \/>\n<link rel=\"canonical\" href=\"https:\/\/edicionesalfar.es\/es\/2019\/07\/09\/emilio-alonso-feliz-gana-el-v-premio-de-novela-para-autores-noveles-manuel-diaz-vargas\/\" \/>\n<meta property=\"og:locale\" content=\"es_ES\" \/>\n<meta property=\"og:type\" content=\"article\" \/>\n<meta property=\"og:title\" content=\"EMILIO ALONSO FELIZ GANA EL V PREMIO DE NOVELA PARA AUTORES NOVELES MANUEL D\u00cdAZ VARGAS - Ediciones Alfar\" \/>\n<meta property=\"og:description\" content=\"La obra Manolito se alza con el premio que ser\u00e1 publicado en la Colecci\u00f3n Biblioteca de Autores Contempor\u00e1neos de la editorial Alfar Emilio Alonso Feliz (Valencia, 1965) ha ganado el V Premio Manuel D\u00edaz Vargas para autores noveles por la novela Manolito. El galard\u00f3n, que concede Ediciones Alfar, consiste en la publicaci\u00f3n de su obra [&hellip;]\" \/>\n<meta property=\"og:url\" content=\"https:\/\/edicionesalfar.es\/es\/2019\/07\/09\/emilio-alonso-feliz-gana-el-v-premio-de-novela-para-autores-noveles-manuel-diaz-vargas\/\" \/>\n<meta property=\"og:site_name\" content=\"Ediciones Alfar\" \/>\n<meta property=\"article:published_time\" content=\"2019-07-09T08:16:10+00:00\" \/>\n<meta property=\"article:modified_time\" content=\"2021-10-19T22:45:02+00:00\" \/>\n<meta property=\"og:image\" content=\"https:\/\/edicionesalfar.es\/es\/wp-content\/uploads\/2019\/05\/emilio-alonso-feliz-kghC-620x349@abc.jpg\" \/>\n\t<meta property=\"og:image:width\" content=\"620\" \/>\n\t<meta property=\"og:image:height\" content=\"349\" \/>\n\t<meta property=\"og:image:type\" content=\"image\/jpeg\" \/>\n<meta name=\"author\" content=\"entrestrazos\" \/>\n<meta name=\"twitter:card\" content=\"summary_large_image\" \/>\n<meta name=\"twitter:label1\" content=\"Escrito por\" \/>\n\t<meta name=\"twitter:data1\" content=\"entrestrazos\" \/>\n\t<meta name=\"twitter:label2\" content=\"Tiempo de lectura\" \/>\n\t<meta name=\"twitter:data2\" content=\"3 minutos\" \/>\n<script type=\"application\/ld+json\" class=\"yoast-schema-graph\">{\"@context\":\"https:\\\/\\\/schema.org\",\"@graph\":[{\"@type\":\"Article\",\"@id\":\"https:\\\/\\\/edicionesalfar.es\\\/es\\\/2019\\\/07\\\/09\\\/emilio-alonso-feliz-gana-el-v-premio-de-novela-para-autores-noveles-manuel-diaz-vargas\\\/#article\",\"isPartOf\":{\"@id\":\"https:\\\/\\\/edicionesalfar.es\\\/es\\\/2019\\\/07\\\/09\\\/emilio-alonso-feliz-gana-el-v-premio-de-novela-para-autores-noveles-manuel-diaz-vargas\\\/\"},\"author\":{\"name\":\"entrestrazos\",\"@id\":\"https:\\\/\\\/edicionesalfar.es\\\/es\\\/#\\\/schema\\\/person\\\/cd9db751c5c11c1f0985b448bb05f116\"},\"headline\":\"EMILIO ALONSO FELIZ GANA EL V PREMIO DE NOVELA PARA AUTORES NOVELES MANUEL D\u00cdAZ VARGAS\",\"datePublished\":\"2019-07-09T08:16:10+00:00\",\"dateModified\":\"2021-10-19T22:45:02+00:00\",\"mainEntityOfPage\":{\"@id\":\"https:\\\/\\\/edicionesalfar.es\\\/es\\\/2019\\\/07\\\/09\\\/emilio-alonso-feliz-gana-el-v-premio-de-novela-para-autores-noveles-manuel-diaz-vargas\\\/\"},\"wordCount\":540,\"image\":{\"@id\":\"https:\\\/\\\/edicionesalfar.es\\\/es\\\/2019\\\/07\\\/09\\\/emilio-alonso-feliz-gana-el-v-premio-de-novela-para-autores-noveles-manuel-diaz-vargas\\\/#primaryimage\"},\"thumbnailUrl\":\"https:\\\/\\\/edicionesalfar.es\\\/es\\\/wp-content\\\/uploads\\\/2019\\\/05\\\/emilio-alonso-feliz-kghC-620x349@abc.jpg\",\"articleSection\":[\"V EDICI\u00d3N\"],\"inLanguage\":\"es\"},{\"@type\":\"WebPage\",\"@id\":\"https:\\\/\\\/edicionesalfar.es\\\/es\\\/2019\\\/07\\\/09\\\/emilio-alonso-feliz-gana-el-v-premio-de-novela-para-autores-noveles-manuel-diaz-vargas\\\/\",\"url\":\"https:\\\/\\\/edicionesalfar.es\\\/es\\\/2019\\\/07\\\/09\\\/emilio-alonso-feliz-gana-el-v-premio-de-novela-para-autores-noveles-manuel-diaz-vargas\\\/\",\"name\":\"EMILIO ALONSO FELIZ GANA EL V PREMIO DE NOVELA PARA AUTORES NOVELES MANUEL D\u00cdAZ VARGAS - Ediciones Alfar\",\"isPartOf\":{\"@id\":\"https:\\\/\\\/edicionesalfar.es\\\/es\\\/#website\"},\"primaryImageOfPage\":{\"@id\":\"https:\\\/\\\/edicionesalfar.es\\\/es\\\/2019\\\/07\\\/09\\\/emilio-alonso-feliz-gana-el-v-premio-de-novela-para-autores-noveles-manuel-diaz-vargas\\\/#primaryimage\"},\"image\":{\"@id\":\"https:\\\/\\\/edicionesalfar.es\\\/es\\\/2019\\\/07\\\/09\\\/emilio-alonso-feliz-gana-el-v-premio-de-novela-para-autores-noveles-manuel-diaz-vargas\\\/#primaryimage\"},\"thumbnailUrl\":\"https:\\\/\\\/edicionesalfar.es\\\/es\\\/wp-content\\\/uploads\\\/2019\\\/05\\\/emilio-alonso-feliz-kghC-620x349@abc.jpg\",\"datePublished\":\"2019-07-09T08:16:10+00:00\",\"dateModified\":\"2021-10-19T22:45:02+00:00\",\"author\":{\"@id\":\"https:\\\/\\\/edicionesalfar.es\\\/es\\\/#\\\/schema\\\/person\\\/cd9db751c5c11c1f0985b448bb05f116\"},\"breadcrumb\":{\"@id\":\"https:\\\/\\\/edicionesalfar.es\\\/es\\\/2019\\\/07\\\/09\\\/emilio-alonso-feliz-gana-el-v-premio-de-novela-para-autores-noveles-manuel-diaz-vargas\\\/#breadcrumb\"},\"inLanguage\":\"es\",\"potentialAction\":[{\"@type\":\"ReadAction\",\"target\":[\"https:\\\/\\\/edicionesalfar.es\\\/es\\\/2019\\\/07\\\/09\\\/emilio-alonso-feliz-gana-el-v-premio-de-novela-para-autores-noveles-manuel-diaz-vargas\\\/\"]}]},{\"@type\":\"ImageObject\",\"inLanguage\":\"es\",\"@id\":\"https:\\\/\\\/edicionesalfar.es\\\/es\\\/2019\\\/07\\\/09\\\/emilio-alonso-feliz-gana-el-v-premio-de-novela-para-autores-noveles-manuel-diaz-vargas\\\/#primaryimage\",\"url\":\"https:\\\/\\\/edicionesalfar.es\\\/es\\\/wp-content\\\/uploads\\\/2019\\\/05\\\/emilio-alonso-feliz-kghC-620x349@abc.jpg\",\"contentUrl\":\"https:\\\/\\\/edicionesalfar.es\\\/es\\\/wp-content\\\/uploads\\\/2019\\\/05\\\/emilio-alonso-feliz-kghC-620x349@abc.jpg\",\"width\":620,\"height\":349},{\"@type\":\"BreadcrumbList\",\"@id\":\"https:\\\/\\\/edicionesalfar.es\\\/es\\\/2019\\\/07\\\/09\\\/emilio-alonso-feliz-gana-el-v-premio-de-novela-para-autores-noveles-manuel-diaz-vargas\\\/#breadcrumb\",\"itemListElement\":[{\"@type\":\"ListItem\",\"position\":1,\"name\":\"Portada\",\"item\":\"https:\\\/\\\/edicionesalfar.es\\\/es\\\/\"},{\"@type\":\"ListItem\",\"position\":2,\"name\":\"EMILIO ALONSO FELIZ GANA EL V PREMIO DE NOVELA PARA AUTORES NOVELES MANUEL D\u00cdAZ VARGAS\"}]},{\"@type\":\"WebSite\",\"@id\":\"https:\\\/\\\/edicionesalfar.es\\\/es\\\/#website\",\"url\":\"https:\\\/\\\/edicionesalfar.es\\\/es\\\/\",\"name\":\"Ediciones Alfar\",\"description\":\"\",\"potentialAction\":[{\"@type\":\"SearchAction\",\"target\":{\"@type\":\"EntryPoint\",\"urlTemplate\":\"https:\\\/\\\/edicionesalfar.es\\\/es\\\/?s={search_term_string}\"},\"query-input\":{\"@type\":\"PropertyValueSpecification\",\"valueRequired\":true,\"valueName\":\"search_term_string\"}}],\"inLanguage\":\"es\"},{\"@type\":\"Person\",\"@id\":\"https:\\\/\\\/edicionesalfar.es\\\/es\\\/#\\\/schema\\\/person\\\/cd9db751c5c11c1f0985b448bb05f116\",\"name\":\"entrestrazos\",\"image\":{\"@type\":\"ImageObject\",\"inLanguage\":\"es\",\"@id\":\"https:\\\/\\\/secure.gravatar.com\\\/avatar\\\/5f078b9f99752d3d32554e4f919813857ee0226c776b9e843590af3ceede1c02?s=96&d=mm&r=g\",\"url\":\"https:\\\/\\\/secure.gravatar.com\\\/avatar\\\/5f078b9f99752d3d32554e4f919813857ee0226c776b9e843590af3ceede1c02?s=96&d=mm&r=g\",\"contentUrl\":\"https:\\\/\\\/secure.gravatar.com\\\/avatar\\\/5f078b9f99752d3d32554e4f919813857ee0226c776b9e843590af3ceede1c02?s=96&d=mm&r=g\",\"caption\":\"entrestrazos\"},\"url\":\"https:\\\/\\\/edicionesalfar.es\\\/es\\\/author\\\/entrestrazos\\\/\"}]}<\/script>\n<!-- \/ Yoast SEO plugin. -->","yoast_head_json":{"title":"EMILIO ALONSO FELIZ GANA EL V PREMIO DE NOVELA PARA AUTORES NOVELES MANUEL D\u00cdAZ VARGAS - Ediciones Alfar","robots":{"index":"index","follow":"follow","max-snippet":"max-snippet:-1","max-image-preview":"max-image-preview:large","max-video-preview":"max-video-preview:-1"},"canonical":"https:\/\/edicionesalfar.es\/es\/2019\/07\/09\/emilio-alonso-feliz-gana-el-v-premio-de-novela-para-autores-noveles-manuel-diaz-vargas\/","og_locale":"es_ES","og_type":"article","og_title":"EMILIO ALONSO FELIZ GANA EL V PREMIO DE NOVELA PARA AUTORES NOVELES MANUEL D\u00cdAZ VARGAS - Ediciones Alfar","og_description":"La obra Manolito se alza con el premio que ser\u00e1 publicado en la Colecci\u00f3n Biblioteca de Autores Contempor\u00e1neos de la editorial Alfar Emilio Alonso Feliz (Valencia, 1965) ha ganado el V Premio Manuel D\u00edaz Vargas para autores noveles por la novela Manolito. El galard\u00f3n, que concede Ediciones Alfar, consiste en la publicaci\u00f3n de su obra [&hellip;]","og_url":"https:\/\/edicionesalfar.es\/es\/2019\/07\/09\/emilio-alonso-feliz-gana-el-v-premio-de-novela-para-autores-noveles-manuel-diaz-vargas\/","og_site_name":"Ediciones Alfar","article_published_time":"2019-07-09T08:16:10+00:00","article_modified_time":"2021-10-19T22:45:02+00:00","og_image":[{"width":620,"height":349,"url":"https:\/\/edicionesalfar.es\/es\/wp-content\/uploads\/2019\/05\/emilio-alonso-feliz-kghC-620x349@abc.jpg","type":"image\/jpeg"}],"author":"entrestrazos","twitter_card":"summary_large_image","twitter_misc":{"Escrito por":"entrestrazos","Tiempo de lectura":"3 minutos"},"schema":{"@context":"https:\/\/schema.org","@graph":[{"@type":"Article","@id":"https:\/\/edicionesalfar.es\/es\/2019\/07\/09\/emilio-alonso-feliz-gana-el-v-premio-de-novela-para-autores-noveles-manuel-diaz-vargas\/#article","isPartOf":{"@id":"https:\/\/edicionesalfar.es\/es\/2019\/07\/09\/emilio-alonso-feliz-gana-el-v-premio-de-novela-para-autores-noveles-manuel-diaz-vargas\/"},"author":{"name":"entrestrazos","@id":"https:\/\/edicionesalfar.es\/es\/#\/schema\/person\/cd9db751c5c11c1f0985b448bb05f116"},"headline":"EMILIO ALONSO FELIZ GANA EL V PREMIO DE NOVELA PARA AUTORES NOVELES MANUEL D\u00cdAZ VARGAS","datePublished":"2019-07-09T08:16:10+00:00","dateModified":"2021-10-19T22:45:02+00:00","mainEntityOfPage":{"@id":"https:\/\/edicionesalfar.es\/es\/2019\/07\/09\/emilio-alonso-feliz-gana-el-v-premio-de-novela-para-autores-noveles-manuel-diaz-vargas\/"},"wordCount":540,"image":{"@id":"https:\/\/edicionesalfar.es\/es\/2019\/07\/09\/emilio-alonso-feliz-gana-el-v-premio-de-novela-para-autores-noveles-manuel-diaz-vargas\/#primaryimage"},"thumbnailUrl":"https:\/\/edicionesalfar.es\/es\/wp-content\/uploads\/2019\/05\/emilio-alonso-feliz-kghC-620x349@abc.jpg","articleSection":["V EDICI\u00d3N"],"inLanguage":"es"},{"@type":"WebPage","@id":"https:\/\/edicionesalfar.es\/es\/2019\/07\/09\/emilio-alonso-feliz-gana-el-v-premio-de-novela-para-autores-noveles-manuel-diaz-vargas\/","url":"https:\/\/edicionesalfar.es\/es\/2019\/07\/09\/emilio-alonso-feliz-gana-el-v-premio-de-novela-para-autores-noveles-manuel-diaz-vargas\/","name":"EMILIO ALONSO FELIZ GANA EL V PREMIO DE NOVELA PARA AUTORES NOVELES MANUEL D\u00cdAZ VARGAS - Ediciones Alfar","isPartOf":{"@id":"https:\/\/edicionesalfar.es\/es\/#website"},"primaryImageOfPage":{"@id":"https:\/\/edicionesalfar.es\/es\/2019\/07\/09\/emilio-alonso-feliz-gana-el-v-premio-de-novela-para-autores-noveles-manuel-diaz-vargas\/#primaryimage"},"image":{"@id":"https:\/\/edicionesalfar.es\/es\/2019\/07\/09\/emilio-alonso-feliz-gana-el-v-premio-de-novela-para-autores-noveles-manuel-diaz-vargas\/#primaryimage"},"thumbnailUrl":"https:\/\/edicionesalfar.es\/es\/wp-content\/uploads\/2019\/05\/emilio-alonso-feliz-kghC-620x349@abc.jpg","datePublished":"2019-07-09T08:16:10+00:00","dateModified":"2021-10-19T22:45:02+00:00","author":{"@id":"https:\/\/edicionesalfar.es\/es\/#\/schema\/person\/cd9db751c5c11c1f0985b448bb05f116"},"breadcrumb":{"@id":"https:\/\/edicionesalfar.es\/es\/2019\/07\/09\/emilio-alonso-feliz-gana-el-v-premio-de-novela-para-autores-noveles-manuel-diaz-vargas\/#breadcrumb"},"inLanguage":"es","potentialAction":[{"@type":"ReadAction","target":["https:\/\/edicionesalfar.es\/es\/2019\/07\/09\/emilio-alonso-feliz-gana-el-v-premio-de-novela-para-autores-noveles-manuel-diaz-vargas\/"]}]},{"@type":"ImageObject","inLanguage":"es","@id":"https:\/\/edicionesalfar.es\/es\/2019\/07\/09\/emilio-alonso-feliz-gana-el-v-premio-de-novela-para-autores-noveles-manuel-diaz-vargas\/#primaryimage","url":"https:\/\/edicionesalfar.es\/es\/wp-content\/uploads\/2019\/05\/emilio-alonso-feliz-kghC-620x349@abc.jpg","contentUrl":"https:\/\/edicionesalfar.es\/es\/wp-content\/uploads\/2019\/05\/emilio-alonso-feliz-kghC-620x349@abc.jpg","width":620,"height":349},{"@type":"BreadcrumbList","@id":"https:\/\/edicionesalfar.es\/es\/2019\/07\/09\/emilio-alonso-feliz-gana-el-v-premio-de-novela-para-autores-noveles-manuel-diaz-vargas\/#breadcrumb","itemListElement":[{"@type":"ListItem","position":1,"name":"Portada","item":"https:\/\/edicionesalfar.es\/es\/"},{"@type":"ListItem","position":2,"name":"EMILIO ALONSO FELIZ GANA EL V PREMIO DE NOVELA PARA AUTORES NOVELES MANUEL D\u00cdAZ VARGAS"}]},{"@type":"WebSite","@id":"https:\/\/edicionesalfar.es\/es\/#website","url":"https:\/\/edicionesalfar.es\/es\/","name":"Ediciones Alfar","description":"","potentialAction":[{"@type":"SearchAction","target":{"@type":"EntryPoint","urlTemplate":"https:\/\/edicionesalfar.es\/es\/?s={search_term_string}"},"query-input":{"@type":"PropertyValueSpecification","valueRequired":true,"valueName":"search_term_string"}}],"inLanguage":"es"},{"@type":"Person","@id":"https:\/\/edicionesalfar.es\/es\/#\/schema\/person\/cd9db751c5c11c1f0985b448bb05f116","name":"entrestrazos","image":{"@type":"ImageObject","inLanguage":"es","@id":"https:\/\/secure.gravatar.com\/avatar\/5f078b9f99752d3d32554e4f919813857ee0226c776b9e843590af3ceede1c02?s=96&d=mm&r=g","url":"https:\/\/secure.gravatar.com\/avatar\/5f078b9f99752d3d32554e4f919813857ee0226c776b9e843590af3ceede1c02?s=96&d=mm&r=g","contentUrl":"https:\/\/secure.gravatar.com\/avatar\/5f078b9f99752d3d32554e4f919813857ee0226c776b9e843590af3ceede1c02?s=96&d=mm&r=g","caption":"entrestrazos"},"url":"https:\/\/edicionesalfar.es\/es\/author\/entrestrazos\/"}]}},"jetpack_featured_media_url":"https:\/\/edicionesalfar.es\/es\/wp-content\/uploads\/2019\/05\/emilio-alonso-feliz-kghC-620x349@abc.jpg","_links":{"self":[{"href":"https:\/\/edicionesalfar.es\/es\/wp-json\/wp\/v2\/posts\/9168","targetHints":{"allow":["GET"]}}],"collection":[{"href":"https:\/\/edicionesalfar.es\/es\/wp-json\/wp\/v2\/posts"}],"about":[{"href":"https:\/\/edicionesalfar.es\/es\/wp-json\/wp\/v2\/types\/post"}],"author":[{"embeddable":true,"href":"https:\/\/edicionesalfar.es\/es\/wp-json\/wp\/v2\/users\/1"}],"replies":[{"embeddable":true,"href":"https:\/\/edicionesalfar.es\/es\/wp-json\/wp\/v2\/comments?post=9168"}],"version-history":[{"count":4,"href":"https:\/\/edicionesalfar.es\/es\/wp-json\/wp\/v2\/posts\/9168\/revisions"}],"predecessor-version":[{"id":17451,"href":"https:\/\/edicionesalfar.es\/es\/wp-json\/wp\/v2\/posts\/9168\/revisions\/17451"}],"wp:featuredmedia":[{"embeddable":true,"href":"https:\/\/edicionesalfar.es\/es\/wp-json\/wp\/v2\/media\/43"}],"wp:attachment":[{"href":"https:\/\/edicionesalfar.es\/es\/wp-json\/wp\/v2\/media?parent=9168"}],"wp:term":[{"taxonomy":"category","embeddable":true,"href":"https:\/\/edicionesalfar.es\/es\/wp-json\/wp\/v2\/categories?post=9168"},{"taxonomy":"post_tag","embeddable":true,"href":"https:\/\/edicionesalfar.es\/es\/wp-json\/wp\/v2\/tags?post=9168"}],"curies":[{"name":"wp","href":"https:\/\/api.w.org\/{rel}","templated":true}]}}