{"id":17211,"date":"2021-07-09T08:39:46","date_gmt":"2021-07-09T06:39:46","guid":{"rendered":"https:\/\/www.edicionesalfar.es\/es\/?p=17211"},"modified":"2021-10-20T00:26:52","modified_gmt":"2021-10-19T22:26:52","slug":"diaz-de-revenga-resena-en-la-opinion-de-murcia-un-invierno-en-filadelfia-de-fernando-de-la-cierva","status":"publish","type":"post","link":"https:\/\/edicionesalfar.es\/es\/2021\/07\/09\/diaz-de-revenga-resena-en-la-opinion-de-murcia-un-invierno-en-filadelfia-de-fernando-de-la-cierva\/","title":{"rendered":"D\u00edaz de Revenga rese\u00f1a en La Opini\u00f3n de Murcia, \u00abUn invierno en Filadelfia\u00bb, de Fernando de la Cierva"},"content":{"rendered":"<div class=\"\" dir=\"auto\">\n<div id=\"jsc_c_fk\" class=\"ecm0bbzt hv4rvrfc ihqw7lf3 dati1w0a\" data-ad-comet-preview=\"message\" data-ad-preview=\"message\">\n<div class=\"j83agx80 cbu4d94t ew0dbk1b irj2b8pg\">\n<div class=\"qzhwtbm6 knvmm38d\">\n<div class=\"kvgmc6g5 cxmmr5t8 oygrvhab hcukyx3x c1et5uql ii04i59q\"><\/div>\n<div class=\"o9v6fnle cxmmr5t8 oygrvhab hcukyx3x c1et5uql ii04i59q\">\n<div dir=\"auto\"><span style=\"color: #000000;\">Magn\u00edfica rese\u00f1a aparecida hoy en <a class=\"oajrlxb2 g5ia77u1 qu0x051f esr5mh6w e9989ue4 r7d6kgcz rq0escxv nhd2j8a9 nc684nl6 p7hjln8o kvgmc6g5 cxmmr5t8 oygrvhab hcukyx3x jb3vyjys rz4wbd8a qt6c0cv9 a8nywdso i1ao9s8h esuyzwwr f1sip0of lzcic4wl q66pz984 gpro0wi8 b1v8xokw\" style=\"color: #000000;\" tabindex=\"0\" role=\"link\" href=\"https:\/\/www.facebook.com\/laopinionderafaela?__cft__[0]=AZVquX6BYtQDGVsXctHw8E5DUZTMuAbg-BeKY-sVKAckhd-WgpmK99fQ41dmskK5WnuXW4_Do42gP1UsI2J-3c9RGIXobneYEbQo3htGr2-Rf48x9ehjomQrU9PT0gfDYgLKannyO9gRtO2xvSrr0cZQQIH5XcOCXUpNkGoyxEoDMw&amp;__tn__=-]K-R\"><span class=\"nc684nl6\">La Opini\u00f3n de Murcia<\/span><\/a> escrita por el profesor D\u00edez de Revenga sobre nuestro \u00abUn invierno en Filadelfia (Juan de la Cierva y su autogiro) de Fernando de la Cierva,<\/span><\/div>\n<\/div>\n<div class=\"o9v6fnle cxmmr5t8 oygrvhab hcukyx3x c1et5uql ii04i59q\">\n<div dir=\"auto\"><span style=\"color: #000000;\">\u00a1gracias, gracias y mil gracias!<\/span><\/div>\n<\/div>\n<\/div>\n<\/div>\n<\/div>\n<\/div>\n","protected":false},"excerpt":{"rendered":"<p>Magn\u00edfica rese\u00f1a aparecida hoy en La Opini\u00f3n de Murcia escrita por el profesor D\u00edez de Revenga sobre nuestro \u00abUn invierno en Filadelfia (Juan de la Cierva y su autogiro) de Fernando de la Cierva, \u00a1gracias, gracias y mil gracias!<\/p>\n","protected":false},"author":2,"featured_media":17212,"comment_status":"closed","ping_status":"closed","sticky":false,"template":"","format":"standard","meta":{"_acf_changed":false,"_et_pb_use_builder":"","_et_pb_old_content":"","_et_gb_content_width":"","footnotes":""},"categories":[1],"tags":[281,356,97],"class_list":["post-17211","post","type-post","status-publish","format-standard","has-post-thumbnail","hentry","category-noticias","tag-juan-de-la-cierva","tag-opinion-de-murcia","tag-resena"],"acf":[],"yoast_head":"<!-- This site is optimized with the Yoast SEO plugin v27.5 - https:\/\/yoast.com\/product\/yoast-seo-wordpress\/ -->\n<title>D\u00edaz de Revenga rese\u00f1a en La Opini\u00f3n de Murcia, &quot;Un invierno en Filadelfia&quot;, de Fernando de la Cierva - Ediciones Alfar<\/title>\n<meta name=\"robots\" content=\"index, follow, max-snippet:-1, max-image-preview:large, max-video-preview:-1\" \/>\n<link rel=\"canonical\" href=\"https:\/\/edicionesalfar.es\/es\/2021\/07\/09\/diaz-de-revenga-resena-en-la-opinion-de-murcia-un-invierno-en-filadelfia-de-fernando-de-la-cierva\/\" \/>\n<meta property=\"og:locale\" content=\"es_ES\" \/>\n<meta property=\"og:type\" content=\"article\" \/>\n<meta property=\"og:title\" content=\"D\u00edaz de Revenga rese\u00f1a en La Opini\u00f3n de Murcia, &quot;Un invierno en Filadelfia&quot;, de Fernando de la Cierva - Ediciones Alfar\" \/>\n<meta property=\"og:description\" content=\"Magn\u00edfica rese\u00f1a aparecida hoy en La Opini\u00f3n de Murcia escrita por el profesor D\u00edez de Revenga sobre nuestro \u00abUn invierno en Filadelfia (Juan de la Cierva y su autogiro) de Fernando de la Cierva, \u00a1gracias, gracias y mil gracias!\" \/>\n<meta property=\"og:url\" content=\"https:\/\/edicionesalfar.es\/es\/2021\/07\/09\/diaz-de-revenga-resena-en-la-opinion-de-murcia-un-invierno-en-filadelfia-de-fernando-de-la-cierva\/\" \/>\n<meta property=\"og:site_name\" content=\"Ediciones Alfar\" \/>\n<meta property=\"article:published_time\" content=\"2021-07-09T06:39:46+00:00\" \/>\n<meta property=\"article:modified_time\" content=\"2021-10-19T22:26:52+00:00\" \/>\n<meta property=\"og:image\" content=\"https:\/\/edicionesalfar.es\/es\/wp-content\/uploads\/2021\/07\/IMG-20210709-WA0000.jpg\" \/>\n\t<meta property=\"og:image:width\" content=\"1084\" \/>\n\t<meta property=\"og:image:height\" content=\"960\" \/>\n\t<meta property=\"og:image:type\" content=\"image\/jpeg\" \/>\n<meta name=\"author\" content=\"Ediciones Alfar\" \/>\n<meta name=\"twitter:card\" content=\"summary_large_image\" \/>\n<meta name=\"twitter:label1\" content=\"Escrito por\" \/>\n\t<meta name=\"twitter:data1\" content=\"Ediciones Alfar\" \/>\n<script type=\"application\/ld+json\" class=\"yoast-schema-graph\">{\"@context\":\"https:\\\/\\\/schema.org\",\"@graph\":[{\"@type\":\"Article\",\"@id\":\"https:\\\/\\\/edicionesalfar.es\\\/es\\\/2021\\\/07\\\/09\\\/diaz-de-revenga-resena-en-la-opinion-de-murcia-un-invierno-en-filadelfia-de-fernando-de-la-cierva\\\/#article\",\"isPartOf\":{\"@id\":\"https:\\\/\\\/edicionesalfar.es\\\/es\\\/2021\\\/07\\\/09\\\/diaz-de-revenga-resena-en-la-opinion-de-murcia-un-invierno-en-filadelfia-de-fernando-de-la-cierva\\\/\"},\"author\":{\"name\":\"Ediciones Alfar\",\"@id\":\"https:\\\/\\\/edicionesalfar.es\\\/es\\\/#\\\/schema\\\/person\\\/1b0c6858b4bf43756e6f4cdb097d7a87\"},\"headline\":\"D\u00edaz de Revenga rese\u00f1a en La Opini\u00f3n de Murcia, \u00abUn invierno en Filadelfia\u00bb, de Fernando de la Cierva\",\"datePublished\":\"2021-07-09T06:39:46+00:00\",\"dateModified\":\"2021-10-19T22:26:52+00:00\",\"mainEntityOfPage\":{\"@id\":\"https:\\\/\\\/edicionesalfar.es\\\/es\\\/2021\\\/07\\\/09\\\/diaz-de-revenga-resena-en-la-opinion-de-murcia-un-invierno-en-filadelfia-de-fernando-de-la-cierva\\\/\"},\"wordCount\":64,\"image\":{\"@id\":\"https:\\\/\\\/edicionesalfar.es\\\/es\\\/2021\\\/07\\\/09\\\/diaz-de-revenga-resena-en-la-opinion-de-murcia-un-invierno-en-filadelfia-de-fernando-de-la-cierva\\\/#primaryimage\"},\"thumbnailUrl\":\"https:\\\/\\\/edicionesalfar.es\\\/es\\\/wp-content\\\/uploads\\\/2021\\\/07\\\/IMG-20210709-WA0000.jpg\",\"keywords\":[\"Juan de la Cierva\",\"opini\u00f3n de murcia\",\"rese\u00f1a\"],\"articleSection\":[\"NOTICIAS Y EVENTOS\"],\"inLanguage\":\"es\"},{\"@type\":\"WebPage\",\"@id\":\"https:\\\/\\\/edicionesalfar.es\\\/es\\\/2021\\\/07\\\/09\\\/diaz-de-revenga-resena-en-la-opinion-de-murcia-un-invierno-en-filadelfia-de-fernando-de-la-cierva\\\/\",\"url\":\"https:\\\/\\\/edicionesalfar.es\\\/es\\\/2021\\\/07\\\/09\\\/diaz-de-revenga-resena-en-la-opinion-de-murcia-un-invierno-en-filadelfia-de-fernando-de-la-cierva\\\/\",\"name\":\"D\u00edaz de Revenga rese\u00f1a en La Opini\u00f3n de Murcia, \\\"Un invierno en Filadelfia\\\", de Fernando de la Cierva - Ediciones Alfar\",\"isPartOf\":{\"@id\":\"https:\\\/\\\/edicionesalfar.es\\\/es\\\/#website\"},\"primaryImageOfPage\":{\"@id\":\"https:\\\/\\\/edicionesalfar.es\\\/es\\\/2021\\\/07\\\/09\\\/diaz-de-revenga-resena-en-la-opinion-de-murcia-un-invierno-en-filadelfia-de-fernando-de-la-cierva\\\/#primaryimage\"},\"image\":{\"@id\":\"https:\\\/\\\/edicionesalfar.es\\\/es\\\/2021\\\/07\\\/09\\\/diaz-de-revenga-resena-en-la-opinion-de-murcia-un-invierno-en-filadelfia-de-fernando-de-la-cierva\\\/#primaryimage\"},\"thumbnailUrl\":\"https:\\\/\\\/edicionesalfar.es\\\/es\\\/wp-content\\\/uploads\\\/2021\\\/07\\\/IMG-20210709-WA0000.jpg\",\"datePublished\":\"2021-07-09T06:39:46+00:00\",\"dateModified\":\"2021-10-19T22:26:52+00:00\",\"author\":{\"@id\":\"https:\\\/\\\/edicionesalfar.es\\\/es\\\/#\\\/schema\\\/person\\\/1b0c6858b4bf43756e6f4cdb097d7a87\"},\"breadcrumb\":{\"@id\":\"https:\\\/\\\/edicionesalfar.es\\\/es\\\/2021\\\/07\\\/09\\\/diaz-de-revenga-resena-en-la-opinion-de-murcia-un-invierno-en-filadelfia-de-fernando-de-la-cierva\\\/#breadcrumb\"},\"inLanguage\":\"es\",\"potentialAction\":[{\"@type\":\"ReadAction\",\"target\":[\"https:\\\/\\\/edicionesalfar.es\\\/es\\\/2021\\\/07\\\/09\\\/diaz-de-revenga-resena-en-la-opinion-de-murcia-un-invierno-en-filadelfia-de-fernando-de-la-cierva\\\/\"]}]},{\"@type\":\"ImageObject\",\"inLanguage\":\"es\",\"@id\":\"https:\\\/\\\/edicionesalfar.es\\\/es\\\/2021\\\/07\\\/09\\\/diaz-de-revenga-resena-en-la-opinion-de-murcia-un-invierno-en-filadelfia-de-fernando-de-la-cierva\\\/#primaryimage\",\"url\":\"https:\\\/\\\/edicionesalfar.es\\\/es\\\/wp-content\\\/uploads\\\/2021\\\/07\\\/IMG-20210709-WA0000.jpg\",\"contentUrl\":\"https:\\\/\\\/edicionesalfar.es\\\/es\\\/wp-content\\\/uploads\\\/2021\\\/07\\\/IMG-20210709-WA0000.jpg\",\"width\":1084,\"height\":960},{\"@type\":\"BreadcrumbList\",\"@id\":\"https:\\\/\\\/edicionesalfar.es\\\/es\\\/2021\\\/07\\\/09\\\/diaz-de-revenga-resena-en-la-opinion-de-murcia-un-invierno-en-filadelfia-de-fernando-de-la-cierva\\\/#breadcrumb\",\"itemListElement\":[{\"@type\":\"ListItem\",\"position\":1,\"name\":\"Portada\",\"item\":\"https:\\\/\\\/edicionesalfar.es\\\/es\\\/\"},{\"@type\":\"ListItem\",\"position\":2,\"name\":\"D\u00edaz de Revenga rese\u00f1a en La Opini\u00f3n de Murcia, &#8220;Un invierno en Filadelfia&#8221;, de Fernando de la Cierva\"}]},{\"@type\":\"WebSite\",\"@id\":\"https:\\\/\\\/edicionesalfar.es\\\/es\\\/#website\",\"url\":\"https:\\\/\\\/edicionesalfar.es\\\/es\\\/\",\"name\":\"Ediciones Alfar\",\"description\":\"\",\"potentialAction\":[{\"@type\":\"SearchAction\",\"target\":{\"@type\":\"EntryPoint\",\"urlTemplate\":\"https:\\\/\\\/edicionesalfar.es\\\/es\\\/?s={search_term_string}\"},\"query-input\":{\"@type\":\"PropertyValueSpecification\",\"valueRequired\":true,\"valueName\":\"search_term_string\"}}],\"inLanguage\":\"es\"},{\"@type\":\"Person\",\"@id\":\"https:\\\/\\\/edicionesalfar.es\\\/es\\\/#\\\/schema\\\/person\\\/1b0c6858b4bf43756e6f4cdb097d7a87\",\"name\":\"Ediciones Alfar\",\"image\":{\"@type\":\"ImageObject\",\"inLanguage\":\"es\",\"@id\":\"https:\\\/\\\/secure.gravatar.com\\\/avatar\\\/1670c9e9499353f5e7e1591395d4bbd72211f3945d052f1f5b166b3d2a0286f2?s=96&d=mm&r=g\",\"url\":\"https:\\\/\\\/secure.gravatar.com\\\/avatar\\\/1670c9e9499353f5e7e1591395d4bbd72211f3945d052f1f5b166b3d2a0286f2?s=96&d=mm&r=g\",\"contentUrl\":\"https:\\\/\\\/secure.gravatar.com\\\/avatar\\\/1670c9e9499353f5e7e1591395d4bbd72211f3945d052f1f5b166b3d2a0286f2?s=96&d=mm&r=g\",\"caption\":\"Ediciones Alfar\"},\"url\":\"https:\\\/\\\/edicionesalfar.es\\\/es\\\/author\\\/alfar\\\/\"}]}<\/script>\n<!-- \/ Yoast SEO plugin. -->","yoast_head_json":{"title":"D\u00edaz de Revenga rese\u00f1a en La Opini\u00f3n de Murcia, \"Un invierno en Filadelfia\", de Fernando de la Cierva - Ediciones Alfar","robots":{"index":"index","follow":"follow","max-snippet":"max-snippet:-1","max-image-preview":"max-image-preview:large","max-video-preview":"max-video-preview:-1"},"canonical":"https:\/\/edicionesalfar.es\/es\/2021\/07\/09\/diaz-de-revenga-resena-en-la-opinion-de-murcia-un-invierno-en-filadelfia-de-fernando-de-la-cierva\/","og_locale":"es_ES","og_type":"article","og_title":"D\u00edaz de Revenga rese\u00f1a en La Opini\u00f3n de Murcia, \"Un invierno en Filadelfia\", de Fernando de la Cierva - Ediciones Alfar","og_description":"Magn\u00edfica rese\u00f1a aparecida hoy en La Opini\u00f3n de Murcia escrita por el profesor D\u00edez de Revenga sobre nuestro \u00abUn invierno en Filadelfia (Juan de la Cierva y su autogiro) de Fernando de la Cierva, \u00a1gracias, gracias y mil gracias!","og_url":"https:\/\/edicionesalfar.es\/es\/2021\/07\/09\/diaz-de-revenga-resena-en-la-opinion-de-murcia-un-invierno-en-filadelfia-de-fernando-de-la-cierva\/","og_site_name":"Ediciones Alfar","article_published_time":"2021-07-09T06:39:46+00:00","article_modified_time":"2021-10-19T22:26:52+00:00","og_image":[{"width":1084,"height":960,"url":"https:\/\/edicionesalfar.es\/es\/wp-content\/uploads\/2021\/07\/IMG-20210709-WA0000.jpg","type":"image\/jpeg"}],"author":"Ediciones Alfar","twitter_card":"summary_large_image","twitter_misc":{"Escrito por":"Ediciones Alfar"},"schema":{"@context":"https:\/\/schema.org","@graph":[{"@type":"Article","@id":"https:\/\/edicionesalfar.es\/es\/2021\/07\/09\/diaz-de-revenga-resena-en-la-opinion-de-murcia-un-invierno-en-filadelfia-de-fernando-de-la-cierva\/#article","isPartOf":{"@id":"https:\/\/edicionesalfar.es\/es\/2021\/07\/09\/diaz-de-revenga-resena-en-la-opinion-de-murcia-un-invierno-en-filadelfia-de-fernando-de-la-cierva\/"},"author":{"name":"Ediciones Alfar","@id":"https:\/\/edicionesalfar.es\/es\/#\/schema\/person\/1b0c6858b4bf43756e6f4cdb097d7a87"},"headline":"D\u00edaz de Revenga rese\u00f1a en La Opini\u00f3n de Murcia, \u00abUn invierno en Filadelfia\u00bb, de Fernando de la Cierva","datePublished":"2021-07-09T06:39:46+00:00","dateModified":"2021-10-19T22:26:52+00:00","mainEntityOfPage":{"@id":"https:\/\/edicionesalfar.es\/es\/2021\/07\/09\/diaz-de-revenga-resena-en-la-opinion-de-murcia-un-invierno-en-filadelfia-de-fernando-de-la-cierva\/"},"wordCount":64,"image":{"@id":"https:\/\/edicionesalfar.es\/es\/2021\/07\/09\/diaz-de-revenga-resena-en-la-opinion-de-murcia-un-invierno-en-filadelfia-de-fernando-de-la-cierva\/#primaryimage"},"thumbnailUrl":"https:\/\/edicionesalfar.es\/es\/wp-content\/uploads\/2021\/07\/IMG-20210709-WA0000.jpg","keywords":["Juan de la Cierva","opini\u00f3n de murcia","rese\u00f1a"],"articleSection":["NOTICIAS Y EVENTOS"],"inLanguage":"es"},{"@type":"WebPage","@id":"https:\/\/edicionesalfar.es\/es\/2021\/07\/09\/diaz-de-revenga-resena-en-la-opinion-de-murcia-un-invierno-en-filadelfia-de-fernando-de-la-cierva\/","url":"https:\/\/edicionesalfar.es\/es\/2021\/07\/09\/diaz-de-revenga-resena-en-la-opinion-de-murcia-un-invierno-en-filadelfia-de-fernando-de-la-cierva\/","name":"D\u00edaz de Revenga rese\u00f1a en La Opini\u00f3n de Murcia, \"Un invierno en Filadelfia\", de Fernando de la Cierva - Ediciones Alfar","isPartOf":{"@id":"https:\/\/edicionesalfar.es\/es\/#website"},"primaryImageOfPage":{"@id":"https:\/\/edicionesalfar.es\/es\/2021\/07\/09\/diaz-de-revenga-resena-en-la-opinion-de-murcia-un-invierno-en-filadelfia-de-fernando-de-la-cierva\/#primaryimage"},"image":{"@id":"https:\/\/edicionesalfar.es\/es\/2021\/07\/09\/diaz-de-revenga-resena-en-la-opinion-de-murcia-un-invierno-en-filadelfia-de-fernando-de-la-cierva\/#primaryimage"},"thumbnailUrl":"https:\/\/edicionesalfar.es\/es\/wp-content\/uploads\/2021\/07\/IMG-20210709-WA0000.jpg","datePublished":"2021-07-09T06:39:46+00:00","dateModified":"2021-10-19T22:26:52+00:00","author":{"@id":"https:\/\/edicionesalfar.es\/es\/#\/schema\/person\/1b0c6858b4bf43756e6f4cdb097d7a87"},"breadcrumb":{"@id":"https:\/\/edicionesalfar.es\/es\/2021\/07\/09\/diaz-de-revenga-resena-en-la-opinion-de-murcia-un-invierno-en-filadelfia-de-fernando-de-la-cierva\/#breadcrumb"},"inLanguage":"es","potentialAction":[{"@type":"ReadAction","target":["https:\/\/edicionesalfar.es\/es\/2021\/07\/09\/diaz-de-revenga-resena-en-la-opinion-de-murcia-un-invierno-en-filadelfia-de-fernando-de-la-cierva\/"]}]},{"@type":"ImageObject","inLanguage":"es","@id":"https:\/\/edicionesalfar.es\/es\/2021\/07\/09\/diaz-de-revenga-resena-en-la-opinion-de-murcia-un-invierno-en-filadelfia-de-fernando-de-la-cierva\/#primaryimage","url":"https:\/\/edicionesalfar.es\/es\/wp-content\/uploads\/2021\/07\/IMG-20210709-WA0000.jpg","contentUrl":"https:\/\/edicionesalfar.es\/es\/wp-content\/uploads\/2021\/07\/IMG-20210709-WA0000.jpg","width":1084,"height":960},{"@type":"BreadcrumbList","@id":"https:\/\/edicionesalfar.es\/es\/2021\/07\/09\/diaz-de-revenga-resena-en-la-opinion-de-murcia-un-invierno-en-filadelfia-de-fernando-de-la-cierva\/#breadcrumb","itemListElement":[{"@type":"ListItem","position":1,"name":"Portada","item":"https:\/\/edicionesalfar.es\/es\/"},{"@type":"ListItem","position":2,"name":"D\u00edaz de Revenga rese\u00f1a en La Opini\u00f3n de Murcia, &#8220;Un invierno en Filadelfia&#8221;, de Fernando de la Cierva"}]},{"@type":"WebSite","@id":"https:\/\/edicionesalfar.es\/es\/#website","url":"https:\/\/edicionesalfar.es\/es\/","name":"Ediciones Alfar","description":"","potentialAction":[{"@type":"SearchAction","target":{"@type":"EntryPoint","urlTemplate":"https:\/\/edicionesalfar.es\/es\/?s={search_term_string}"},"query-input":{"@type":"PropertyValueSpecification","valueRequired":true,"valueName":"search_term_string"}}],"inLanguage":"es"},{"@type":"Person","@id":"https:\/\/edicionesalfar.es\/es\/#\/schema\/person\/1b0c6858b4bf43756e6f4cdb097d7a87","name":"Ediciones Alfar","image":{"@type":"ImageObject","inLanguage":"es","@id":"https:\/\/secure.gravatar.com\/avatar\/1670c9e9499353f5e7e1591395d4bbd72211f3945d052f1f5b166b3d2a0286f2?s=96&d=mm&r=g","url":"https:\/\/secure.gravatar.com\/avatar\/1670c9e9499353f5e7e1591395d4bbd72211f3945d052f1f5b166b3d2a0286f2?s=96&d=mm&r=g","contentUrl":"https:\/\/secure.gravatar.com\/avatar\/1670c9e9499353f5e7e1591395d4bbd72211f3945d052f1f5b166b3d2a0286f2?s=96&d=mm&r=g","caption":"Ediciones Alfar"},"url":"https:\/\/edicionesalfar.es\/es\/author\/alfar\/"}]}},"jetpack_featured_media_url":"https:\/\/edicionesalfar.es\/es\/wp-content\/uploads\/2021\/07\/IMG-20210709-WA0000.jpg","_links":{"self":[{"href":"https:\/\/edicionesalfar.es\/es\/wp-json\/wp\/v2\/posts\/17211","targetHints":{"allow":["GET"]}}],"collection":[{"href":"https:\/\/edicionesalfar.es\/es\/wp-json\/wp\/v2\/posts"}],"about":[{"href":"https:\/\/edicionesalfar.es\/es\/wp-json\/wp\/v2\/types\/post"}],"author":[{"embeddable":true,"href":"https:\/\/edicionesalfar.es\/es\/wp-json\/wp\/v2\/users\/2"}],"replies":[{"embeddable":true,"href":"https:\/\/edicionesalfar.es\/es\/wp-json\/wp\/v2\/comments?post=17211"}],"version-history":[{"count":1,"href":"https:\/\/edicionesalfar.es\/es\/wp-json\/wp\/v2\/posts\/17211\/revisions"}],"predecessor-version":[{"id":17213,"href":"https:\/\/edicionesalfar.es\/es\/wp-json\/wp\/v2\/posts\/17211\/revisions\/17213"}],"wp:featuredmedia":[{"embeddable":true,"href":"https:\/\/edicionesalfar.es\/es\/wp-json\/wp\/v2\/media\/17212"}],"wp:attachment":[{"href":"https:\/\/edicionesalfar.es\/es\/wp-json\/wp\/v2\/media?parent=17211"}],"wp:term":[{"taxonomy":"category","embeddable":true,"href":"https:\/\/edicionesalfar.es\/es\/wp-json\/wp\/v2\/categories?post=17211"},{"taxonomy":"post_tag","embeddable":true,"href":"https:\/\/edicionesalfar.es\/es\/wp-json\/wp\/v2\/tags?post=17211"}],"curies":[{"name":"wp","href":"https:\/\/api.w.org\/{rel}","templated":true}]}}